{"id":7583,"date":"2022-01-10T16:05:36","date_gmt":"2022-01-10T15:05:36","guid":{"rendered":"https:\/\/agora.xtec.cat\/ceipmisericordia-reus\/?p=7583"},"modified":"2022-01-10T16:05:36","modified_gmt":"2022-01-10T15:05:36","slug":"canco-quinzenal-5","status":"publish","type":"post","link":"https:\/\/agora.xtec.cat\/ceipmisericordia-reus\/general\/canco-quinzenal-5\/","title":{"rendered":"Can\u00e7\u00f3 quinzenal"},"content":{"rendered":"<p>La can\u00e7\u00f3 que sonar\u00e0 a l&#8217;escola les properes setmanes ser\u00e0:\u00a0<strong> Ho tenim tot<\/strong> de <strong>Joan<\/strong> <strong>Daus\u00e0<\/strong>. \ud83c\udfb5\ud83c\udfb8<\/p>\n<p>La llengua que treballarem ser\u00e0 el <strong>catal\u00e0<\/strong>. Esperem que us agradi! \ud83d\ude42<\/p>\n<p><iframe loading=\"lazy\" title=\"Ho Tenim Tot  - Joan Dausa\u0300\" width=\"500\" height=\"281\" src=\"https:\/\/www.youtube.com\/embed\/ktBR7xvzhXM?feature=oembed\" frameborder=\"0\" allow=\"accelerometer; autoplay; clipboard-write; encrypted-media; gyroscope; picture-in-picture; web-share\" referrerpolicy=\"strict-origin-when-cross-origin\" allowfullscreen><\/iframe><\/p>\n","protected":false},"excerpt":{"rendered":"<p>La can\u00e7\u00f3 que sonar\u00e0 a l&#8217;escola les properes setmanes ser\u00e0:\u00a0 Ho tenim tot de Joan Daus\u00e0. \ud83c\udfb5\ud83c\udfb8<br \/>\nLa llengua que treballarem ser\u00e0 el catal\u00e0. Esperem que us agradi! \ud83d\ude42<\/p>\n","protected":false},"author":4,"featured_media":7586,"comment_status":"open","ping_status":"closed","sticky":false,"template":"","format":"standard","meta":{"_bbp_topic_count":0,"_bbp_reply_count":0,"_bbp_total_topic_count":0,"_bbp_total_reply_count":0,"_bbp_voice_count":0,"_bbp_anonymous_reply_count":0,"_bbp_topic_count_hidden":0,"_bbp_reply_count_hidden":0,"_bbp_forum_subforum_count":0,"footnotes":""},"categories":[10,11,12,13,14,15,74,79,80,90,91,1,2,3,8,9,4],"tags":[],"class_list":["post-7583","post","type-post","status-publish","format-standard","has-post-thumbnail","hentry","category-1r","category-2n","category-3r","category-4t","category-5e","category-6e","category-cicle-inicial","category-cicle-mitja","category-cicle-superior","category-ed-infantil","category-ed-primaria","category-general","category-infantil","category-p3","category-p4","category-p5","category-portada"],"post_mailing_queue_ids":[],"_links":{"self":[{"href":"https:\/\/agora.xtec.cat\/ceipmisericordia-reus\/wp-json\/wp\/v2\/posts\/7583","targetHints":{"allow":["GET"]}}],"collection":[{"href":"https:\/\/agora.xtec.cat\/ceipmisericordia-reus\/wp-json\/wp\/v2\/posts"}],"about":[{"href":"https:\/\/agora.xtec.cat\/ceipmisericordia-reus\/wp-json\/wp\/v2\/types\/post"}],"author":[{"embeddable":true,"href":"https:\/\/agora.xtec.cat\/ceipmisericordia-reus\/wp-json\/wp\/v2\/users\/4"}],"replies":[{"embeddable":true,"href":"https:\/\/agora.xtec.cat\/ceipmisericordia-reus\/wp-json\/wp\/v2\/comments?post=7583"}],"version-history":[{"count":1,"href":"https:\/\/agora.xtec.cat\/ceipmisericordia-reus\/wp-json\/wp\/v2\/posts\/7583\/revisions"}],"predecessor-version":[{"id":7585,"href":"https:\/\/agora.xtec.cat\/ceipmisericordia-reus\/wp-json\/wp\/v2\/posts\/7583\/revisions\/7585"}],"wp:featuredmedia":[{"embeddable":true,"href":"https:\/\/agora.xtec.cat\/ceipmisericordia-reus\/wp-json\/wp\/v2\/media\/7586"}],"wp:attachment":[{"href":"https:\/\/agora.xtec.cat\/ceipmisericordia-reus\/wp-json\/wp\/v2\/media?parent=7583"}],"wp:term":[{"taxonomy":"category","embeddable":true,"href":"https:\/\/agora.xtec.cat\/ceipmisericordia-reus\/wp-json\/wp\/v2\/categories?post=7583"},{"taxonomy":"post_tag","embeddable":true,"href":"https:\/\/agora.xtec.cat\/ceipmisericordia-reus\/wp-json\/wp\/v2\/tags?post=7583"}],"curies":[{"name":"wp","href":"https:\/\/api.w.org\/{rel}","templated":true}]}}