{"id":7550,"date":"2021-12-22T13:09:50","date_gmt":"2021-12-22T12:09:50","guid":{"rendered":"https:\/\/agora.xtec.cat\/ceipmisericordia-reus\/?p=7550"},"modified":"2021-12-22T17:59:41","modified_gmt":"2021-12-22T16:59:41","slug":"hem-fet-cagar-el-tio","status":"publish","type":"post","link":"https:\/\/agora.xtec.cat\/ceipmisericordia-reus\/infantil\/hem-fet-cagar-el-tio\/","title":{"rendered":"Hem fet cagar el Ti\u00f3!"},"content":{"rendered":"<p>Avui hem fet cagar el Ti\u00f3 a educaci\u00f3 infantil!<\/p>\n<p>Els nens i nenes portaven dies donant-li de menjar (pells de pl\u00e0tan i mandarina). Avui al ser l&#8217;\u00faltim dia hem provat fer-lo cagar&#8230; quina ha estat la nostra sorpresa? Ens ha cagat plastilina i dol\u00e7os nadalencs.<\/p>\n<p>Mireu que contents i contentes!<\/p>\n<p><a href=\"https:\/\/agora.xtec.cat\/ceipmisericordia-reus\/wp-content\/uploads\/usu2066\/2021\/12\/TIO\u0301-2021-2.jpg\"><img loading=\"lazy\" decoding=\"async\" class=\"aligncenter wp-image-7552\" src=\"https:\/\/agora.xtec.cat\/ceipmisericordia-reus\/wp-content\/uploads\/usu2066\/2021\/12\/TIO\u0301-2021-2-212x300.jpg\" alt=\"\" width=\"259\" height=\"367\" srcset=\"https:\/\/agora.xtec.cat\/ceipmisericordia-reus\/wp-content\/uploads\/usu2066\/2021\/12\/TIO\u0301-2021-2-212x300.jpg 212w, https:\/\/agora.xtec.cat\/ceipmisericordia-reus\/wp-content\/uploads\/usu2066\/2021\/12\/TIO\u0301-2021-2-724x1024.jpg 724w, https:\/\/agora.xtec.cat\/ceipmisericordia-reus\/wp-content\/uploads\/usu2066\/2021\/12\/TIO\u0301-2021-2-768x1086.jpg 768w, https:\/\/agora.xtec.cat\/ceipmisericordia-reus\/wp-content\/uploads\/usu2066\/2021\/12\/TIO\u0301-2021-2-1086x1536.jpg 1086w, https:\/\/agora.xtec.cat\/ceipmisericordia-reus\/wp-content\/uploads\/usu2066\/2021\/12\/TIO\u0301-2021-2.jpg 1414w\" sizes=\"auto, (max-width: 259px) 100vw, 259px\" \/><\/a><\/p>\n","protected":false},"excerpt":{"rendered":"<p>Avui hem fet cagar el Ti\u00f3 a educaci\u00f3 infantil!<br \/>\nEls nens i nenes portaven dies donant-li de menjar (pells de pl\u00e0tan i mandarina). Avui al ser l&#8217;\u00faltim dia hem provat fer-lo cagar&#8230; quina ha estat la nostra sorpresa? Ens ha cagat plastilina i dol\u00e7os nadalencs.<br \/>\nMireu que&hellip;  <a href=\"https:\/\/agora.xtec.cat\/ceipmisericordia-reus\/infantil\/hem-fet-cagar-el-tio\/\" title=\"Read Hem fet cagar el Ti\u00f3!\">Llegeix m\u00e9s\u00bb<\/a><\/p>\n","protected":false},"author":4,"featured_media":7553,"comment_status":"open","ping_status":"closed","sticky":false,"template":"","format":"standard","meta":{"_bbp_topic_count":0,"_bbp_reply_count":0,"_bbp_total_topic_count":0,"_bbp_total_reply_count":0,"_bbp_voice_count":0,"_bbp_anonymous_reply_count":0,"_bbp_topic_count_hidden":0,"_bbp_reply_count_hidden":0,"_bbp_forum_subforum_count":0,"footnotes":""},"categories":[90,2,3,8,9,4],"tags":[],"class_list":["post-7550","post","type-post","status-publish","format-standard","has-post-thumbnail","hentry","category-ed-infantil","category-infantil","category-p3","category-p4","category-p5","category-portada"],"post_mailing_queue_ids":[],"_links":{"self":[{"href":"https:\/\/agora.xtec.cat\/ceipmisericordia-reus\/wp-json\/wp\/v2\/posts\/7550","targetHints":{"allow":["GET"]}}],"collection":[{"href":"https:\/\/agora.xtec.cat\/ceipmisericordia-reus\/wp-json\/wp\/v2\/posts"}],"about":[{"href":"https:\/\/agora.xtec.cat\/ceipmisericordia-reus\/wp-json\/wp\/v2\/types\/post"}],"author":[{"embeddable":true,"href":"https:\/\/agora.xtec.cat\/ceipmisericordia-reus\/wp-json\/wp\/v2\/users\/4"}],"replies":[{"embeddable":true,"href":"https:\/\/agora.xtec.cat\/ceipmisericordia-reus\/wp-json\/wp\/v2\/comments?post=7550"}],"version-history":[{"count":2,"href":"https:\/\/agora.xtec.cat\/ceipmisericordia-reus\/wp-json\/wp\/v2\/posts\/7550\/revisions"}],"predecessor-version":[{"id":7554,"href":"https:\/\/agora.xtec.cat\/ceipmisericordia-reus\/wp-json\/wp\/v2\/posts\/7550\/revisions\/7554"}],"wp:featuredmedia":[{"embeddable":true,"href":"https:\/\/agora.xtec.cat\/ceipmisericordia-reus\/wp-json\/wp\/v2\/media\/7553"}],"wp:attachment":[{"href":"https:\/\/agora.xtec.cat\/ceipmisericordia-reus\/wp-json\/wp\/v2\/media?parent=7550"}],"wp:term":[{"taxonomy":"category","embeddable":true,"href":"https:\/\/agora.xtec.cat\/ceipmisericordia-reus\/wp-json\/wp\/v2\/categories?post=7550"},{"taxonomy":"post_tag","embeddable":true,"href":"https:\/\/agora.xtec.cat\/ceipmisericordia-reus\/wp-json\/wp\/v2\/tags?post=7550"}],"curies":[{"name":"wp","href":"https:\/\/api.w.org\/{rel}","templated":true}]}}