{"id":7519,"date":"2021-12-20T16:59:36","date_gmt":"2021-12-20T15:59:36","guid":{"rendered":"https:\/\/agora.xtec.cat\/ceipmisericordia-reus\/?p=7519"},"modified":"2021-12-20T16:59:36","modified_gmt":"2021-12-20T15:59:36","slug":"langles-a-2n","status":"publish","type":"post","link":"https:\/\/agora.xtec.cat\/ceipmisericordia-reus\/primaria\/2n\/langles-a-2n\/","title":{"rendered":"L&#8217;angl\u00e8s a 2n"},"content":{"rendered":"<div class=\"\" data-block=\"true\" data-editor=\"9e8pg\" data-offset-key=\"ejsiv-0-0\">\n<div class=\"_1mf _1mj\" data-offset-key=\"ejsiv-0-0\"><span data-offset-key=\"ejsiv-0-0\">Per<\/span><span data-offset-key=\"ejsiv-1-0\">\u00a0poder dominar un idioma, \u00e9s totalment necess\u00e0ria la destresa de la part oral i aix\u00f2 nom\u00e9s s\u2019aconsegueix practicant i parlant molt la llengua.<\/span><\/div>\n<\/div>\n<div class=\"\" data-block=\"true\" data-editor=\"9e8pg\" data-offset-key=\"6v5kr-0-0\">\n<div class=\"_1mf _1mj\" data-offset-key=\"6v5kr-0-0\"><span data-offset-key=\"6v5kr-0-0\">I \u00e9s que la millor manera d\u2019aprendre a parlar angl\u00e8s \u00e9s que l\u2019alumne sigui proactiu i es llanci.<\/span><\/div>\n<\/div>\n<div class=\"\" data-block=\"true\" data-editor=\"9e8pg\" data-offset-key=\"147ou-0-0\">\n<div class=\"_1mf _1mj\" data-offset-key=\"147ou-0-0\"><span data-offset-key=\"147ou-0-0\">Els nens i nenes de 2n aix\u00ed ho fem.<\/span><\/div>\n<\/div>\n<div class=\"\" data-block=\"true\" data-editor=\"9e8pg\" data-offset-key=\"d3utt-0-0\">\n<div class=\"_1mf _1mj\" data-offset-key=\"d3utt-0-0\"><em>Well done boys and girls!<\/em><\/div>\n<div data-offset-key=\"d3utt-0-0\"><a href=\"https:\/\/agora.xtec.cat\/ceipmisericordia-reus\/wp-content\/uploads\/usu2066\/2021\/12\/2021_12_15_14_49_14_416-1.jpg\"><img loading=\"lazy\" decoding=\"async\" class=\"aligncenter size-medium wp-image-7520\" src=\"https:\/\/agora.xtec.cat\/ceipmisericordia-reus\/wp-content\/uploads\/usu2066\/2021\/12\/2021_12_15_14_49_14_416-1-300x300.jpg\" alt=\"\" width=\"300\" height=\"300\" srcset=\"https:\/\/agora.xtec.cat\/ceipmisericordia-reus\/wp-content\/uploads\/usu2066\/2021\/12\/2021_12_15_14_49_14_416-1-300x300.jpg 300w, https:\/\/agora.xtec.cat\/ceipmisericordia-reus\/wp-content\/uploads\/usu2066\/2021\/12\/2021_12_15_14_49_14_416-1-150x150.jpg 150w, https:\/\/agora.xtec.cat\/ceipmisericordia-reus\/wp-content\/uploads\/usu2066\/2021\/12\/2021_12_15_14_49_14_416-1.jpg 720w\" sizes=\"auto, (max-width: 300px) 100vw, 300px\" \/><\/a><\/div>\n<\/div>\n","protected":false},"excerpt":{"rendered":"<p>Per\u00a0poder dominar un idioma, \u00e9s totalment necess\u00e0ria la destresa de la part oral i aix\u00f2 nom\u00e9s s\u2019aconsegueix practicant i parlant molt la llengua.<\/p>\n<p>I \u00e9s que la millor manera d\u2019aprendre a parlar angl\u00e8s \u00e9s que l\u2019alumne sigui proactiu i es llanci.<\/p>\n<p>Els nens i nenes de 2n&hellip;  <a href=\"https:\/\/agora.xtec.cat\/ceipmisericordia-reus\/primaria\/2n\/langles-a-2n\/\" title=\"Read L&#8217;angl\u00e8s a 2n\">Llegeix m\u00e9s\u00bb<\/a><\/p>\n","protected":false},"author":4,"featured_media":0,"comment_status":"open","ping_status":"closed","sticky":false,"template":"","format":"standard","meta":{"_bbp_topic_count":0,"_bbp_reply_count":0,"_bbp_total_topic_count":0,"_bbp_total_reply_count":0,"_bbp_voice_count":0,"_bbp_anonymous_reply_count":0,"_bbp_topic_count_hidden":0,"_bbp_reply_count_hidden":0,"_bbp_forum_subforum_count":0,"footnotes":""},"categories":[11,84,74],"tags":[],"class_list":["post-7519","post","type-post","status-publish","format-standard","hentry","category-2n","category-angles","category-cicle-inicial"],"post_mailing_queue_ids":[],"_links":{"self":[{"href":"https:\/\/agora.xtec.cat\/ceipmisericordia-reus\/wp-json\/wp\/v2\/posts\/7519","targetHints":{"allow":["GET"]}}],"collection":[{"href":"https:\/\/agora.xtec.cat\/ceipmisericordia-reus\/wp-json\/wp\/v2\/posts"}],"about":[{"href":"https:\/\/agora.xtec.cat\/ceipmisericordia-reus\/wp-json\/wp\/v2\/types\/post"}],"author":[{"embeddable":true,"href":"https:\/\/agora.xtec.cat\/ceipmisericordia-reus\/wp-json\/wp\/v2\/users\/4"}],"replies":[{"embeddable":true,"href":"https:\/\/agora.xtec.cat\/ceipmisericordia-reus\/wp-json\/wp\/v2\/comments?post=7519"}],"version-history":[{"count":1,"href":"https:\/\/agora.xtec.cat\/ceipmisericordia-reus\/wp-json\/wp\/v2\/posts\/7519\/revisions"}],"predecessor-version":[{"id":7521,"href":"https:\/\/agora.xtec.cat\/ceipmisericordia-reus\/wp-json\/wp\/v2\/posts\/7519\/revisions\/7521"}],"wp:attachment":[{"href":"https:\/\/agora.xtec.cat\/ceipmisericordia-reus\/wp-json\/wp\/v2\/media?parent=7519"}],"wp:term":[{"taxonomy":"category","embeddable":true,"href":"https:\/\/agora.xtec.cat\/ceipmisericordia-reus\/wp-json\/wp\/v2\/categories?post=7519"},{"taxonomy":"post_tag","embeddable":true,"href":"https:\/\/agora.xtec.cat\/ceipmisericordia-reus\/wp-json\/wp\/v2\/tags?post=7519"}],"curies":[{"name":"wp","href":"https:\/\/api.w.org\/{rel}","templated":true}]}}