{"id":7507,"date":"2021-12-20T16:00:23","date_gmt":"2021-12-20T15:00:23","guid":{"rendered":"https:\/\/agora.xtec.cat\/ceipmisericordia-reus\/?p=7507"},"modified":"2021-12-20T16:00:23","modified_gmt":"2021-12-20T15:00:23","slug":"nadales-a-cicle-mitja","status":"publish","type":"post","link":"https:\/\/agora.xtec.cat\/ceipmisericordia-reus\/general\/nadales-a-cicle-mitja\/","title":{"rendered":"NADALES A CICLE MITJ\u00c0"},"content":{"rendered":"<p>Aquestes dates s\u00f3n especials per tothom, dies d&#8217;alegria i il\u00b7lusi\u00f3!\u2728 Ens agrada vindre a\u00a0 l&#8217;escola a passar-ho molt b\u00e9, fent diferents tipus d&#8217;activitats. Per aix\u00f2, us deixem unes nadales que han interpretat els nens i nenes de CICLE MITJ\u00c0. \ud83c\udf84\ud83c\udf80<\/p>\n<p><iframe loading=\"lazy\" title=\"Nadales Cicle Mitj\u00e0\" width=\"500\" height=\"375\" src=\"https:\/\/www.youtube.com\/embed\/pB6TFRFqRyM?feature=oembed\" frameborder=\"0\" allow=\"accelerometer; autoplay; clipboard-write; encrypted-media; gyroscope; picture-in-picture; web-share\" referrerpolicy=\"strict-origin-when-cross-origin\" allowfullscreen><\/iframe><\/p>\n","protected":false},"excerpt":{"rendered":"<p>Aquestes dates s\u00f3n especials per tothom, dies d&#8217;alegria i il\u00b7lusi\u00f3!\u2728 Ens agrada vindre a\u00a0 l&#8217;escola a passar-ho molt b\u00e9, fent diferents tipus d&#8217;activitats. Per aix\u00f2, us deixem unes nadales que han interpretat els nens i nenes de CICLE MITJ\u00c0. \ud83c\udf84\ud83c\udf80<\/p>\n","protected":false},"author":4,"featured_media":7513,"comment_status":"open","ping_status":"closed","sticky":false,"template":"","format":"standard","meta":{"_bbp_topic_count":0,"_bbp_reply_count":0,"_bbp_total_topic_count":0,"_bbp_total_reply_count":0,"_bbp_voice_count":0,"_bbp_anonymous_reply_count":0,"_bbp_topic_count_hidden":0,"_bbp_reply_count_hidden":0,"_bbp_forum_subforum_count":0,"footnotes":""},"categories":[12,13,79,91,1,81,4],"tags":[],"class_list":["post-7507","post","type-post","status-publish","format-standard","has-post-thumbnail","hentry","category-3r","category-4t","category-cicle-mitja","category-ed-primaria","category-general","category-musica","category-portada"],"post_mailing_queue_ids":[],"_links":{"self":[{"href":"https:\/\/agora.xtec.cat\/ceipmisericordia-reus\/wp-json\/wp\/v2\/posts\/7507","targetHints":{"allow":["GET"]}}],"collection":[{"href":"https:\/\/agora.xtec.cat\/ceipmisericordia-reus\/wp-json\/wp\/v2\/posts"}],"about":[{"href":"https:\/\/agora.xtec.cat\/ceipmisericordia-reus\/wp-json\/wp\/v2\/types\/post"}],"author":[{"embeddable":true,"href":"https:\/\/agora.xtec.cat\/ceipmisericordia-reus\/wp-json\/wp\/v2\/users\/4"}],"replies":[{"embeddable":true,"href":"https:\/\/agora.xtec.cat\/ceipmisericordia-reus\/wp-json\/wp\/v2\/comments?post=7507"}],"version-history":[{"count":2,"href":"https:\/\/agora.xtec.cat\/ceipmisericordia-reus\/wp-json\/wp\/v2\/posts\/7507\/revisions"}],"predecessor-version":[{"id":7514,"href":"https:\/\/agora.xtec.cat\/ceipmisericordia-reus\/wp-json\/wp\/v2\/posts\/7507\/revisions\/7514"}],"wp:featuredmedia":[{"embeddable":true,"href":"https:\/\/agora.xtec.cat\/ceipmisericordia-reus\/wp-json\/wp\/v2\/media\/7513"}],"wp:attachment":[{"href":"https:\/\/agora.xtec.cat\/ceipmisericordia-reus\/wp-json\/wp\/v2\/media?parent=7507"}],"wp:term":[{"taxonomy":"category","embeddable":true,"href":"https:\/\/agora.xtec.cat\/ceipmisericordia-reus\/wp-json\/wp\/v2\/categories?post=7507"},{"taxonomy":"post_tag","embeddable":true,"href":"https:\/\/agora.xtec.cat\/ceipmisericordia-reus\/wp-json\/wp\/v2\/tags?post=7507"}],"curies":[{"name":"wp","href":"https:\/\/api.w.org\/{rel}","templated":true}]}}