{"id":7481,"date":"2021-12-16T20:35:29","date_gmt":"2021-12-16T19:35:29","guid":{"rendered":"https:\/\/agora.xtec.cat\/ceipmisericordia-reus\/?p=7481"},"modified":"2021-12-16T20:35:29","modified_gmt":"2021-12-16T19:35:29","slug":"a-different-way-to-celebrate-christmas","status":"publish","type":"post","link":"https:\/\/agora.xtec.cat\/ceipmisericordia-reus\/portada\/a-different-way-to-celebrate-christmas\/","title":{"rendered":"A different way to celebrate Christmas"},"content":{"rendered":"<p>Aquesta setmana, a Cicle Superior, hem estat treballant algunes activitats relacionades amb el Nadal en angl\u00e8s. La Mia ha aprofitat l&#8217;ocasi\u00f3 per ensenyar-nos com el celebren al Regne Unit i Irlanda i hem acabat fent una activitat. Aix\u00ed ens hem apropat una mica m\u00e9s a la cultura anglesa.<\/p>\n<p><em>Thank you!<\/em><\/p>\n<p><em><a href=\"https:\/\/agora.xtec.cat\/ceipmisericordia-reus\/wp-content\/uploads\/usu2066\/2021\/12\/unnamed-scaled.jpg\"><img loading=\"lazy\" decoding=\"async\" class=\"aligncenter size-medium wp-image-7482\" src=\"https:\/\/agora.xtec.cat\/ceipmisericordia-reus\/wp-content\/uploads\/usu2066\/2021\/12\/unnamed-300x300.jpg\" alt=\"\" width=\"300\" height=\"300\" srcset=\"https:\/\/agora.xtec.cat\/ceipmisericordia-reus\/wp-content\/uploads\/usu2066\/2021\/12\/unnamed-300x300.jpg 300w, https:\/\/agora.xtec.cat\/ceipmisericordia-reus\/wp-content\/uploads\/usu2066\/2021\/12\/unnamed-1024x1024.jpg 1024w, https:\/\/agora.xtec.cat\/ceipmisericordia-reus\/wp-content\/uploads\/usu2066\/2021\/12\/unnamed-150x150.jpg 150w, https:\/\/agora.xtec.cat\/ceipmisericordia-reus\/wp-content\/uploads\/usu2066\/2021\/12\/unnamed-768x768.jpg 768w, https:\/\/agora.xtec.cat\/ceipmisericordia-reus\/wp-content\/uploads\/usu2066\/2021\/12\/unnamed-1536x1536.jpg 1536w, https:\/\/agora.xtec.cat\/ceipmisericordia-reus\/wp-content\/uploads\/usu2066\/2021\/12\/unnamed-2048x2048.jpg 2048w\" sizes=\"auto, (max-width: 300px) 100vw, 300px\" \/><\/a><\/em><\/p>\n","protected":false},"excerpt":{"rendered":"<p>Aquesta setmana, a Cicle Superior, hem estat treballant algunes activitats relacionades amb el Nadal en angl\u00e8s. La Mia ha aprofitat l&#8217;ocasi\u00f3 per ensenyar-nos com el celebren al Regne Unit i Irlanda i hem acabat fent una activitat. Aix\u00ed ens hem apropat una mica m\u00e9s a&hellip;  <a href=\"https:\/\/agora.xtec.cat\/ceipmisericordia-reus\/portada\/a-different-way-to-celebrate-christmas\/\" title=\"Read A different way to celebrate Christmas\">Llegeix m\u00e9s\u00bb<\/a><\/p>\n","protected":false},"author":4,"featured_media":0,"comment_status":"open","ping_status":"closed","sticky":false,"template":"","format":"standard","meta":{"_bbp_topic_count":0,"_bbp_reply_count":0,"_bbp_total_topic_count":0,"_bbp_total_reply_count":0,"_bbp_voice_count":0,"_bbp_anonymous_reply_count":0,"_bbp_topic_count_hidden":0,"_bbp_reply_count_hidden":0,"_bbp_forum_subforum_count":0,"footnotes":""},"categories":[15,84,80,91,4],"tags":[],"class_list":["post-7481","post","type-post","status-publish","format-standard","hentry","category-6e","category-angles","category-cicle-superior","category-ed-primaria","category-portada"],"post_mailing_queue_ids":[],"_links":{"self":[{"href":"https:\/\/agora.xtec.cat\/ceipmisericordia-reus\/wp-json\/wp\/v2\/posts\/7481","targetHints":{"allow":["GET"]}}],"collection":[{"href":"https:\/\/agora.xtec.cat\/ceipmisericordia-reus\/wp-json\/wp\/v2\/posts"}],"about":[{"href":"https:\/\/agora.xtec.cat\/ceipmisericordia-reus\/wp-json\/wp\/v2\/types\/post"}],"author":[{"embeddable":true,"href":"https:\/\/agora.xtec.cat\/ceipmisericordia-reus\/wp-json\/wp\/v2\/users\/4"}],"replies":[{"embeddable":true,"href":"https:\/\/agora.xtec.cat\/ceipmisericordia-reus\/wp-json\/wp\/v2\/comments?post=7481"}],"version-history":[{"count":3,"href":"https:\/\/agora.xtec.cat\/ceipmisericordia-reus\/wp-json\/wp\/v2\/posts\/7481\/revisions"}],"predecessor-version":[{"id":7485,"href":"https:\/\/agora.xtec.cat\/ceipmisericordia-reus\/wp-json\/wp\/v2\/posts\/7481\/revisions\/7485"}],"wp:attachment":[{"href":"https:\/\/agora.xtec.cat\/ceipmisericordia-reus\/wp-json\/wp\/v2\/media?parent=7481"}],"wp:term":[{"taxonomy":"category","embeddable":true,"href":"https:\/\/agora.xtec.cat\/ceipmisericordia-reus\/wp-json\/wp\/v2\/categories?post=7481"},{"taxonomy":"post_tag","embeddable":true,"href":"https:\/\/agora.xtec.cat\/ceipmisericordia-reus\/wp-json\/wp\/v2\/tags?post=7481"}],"curies":[{"name":"wp","href":"https:\/\/api.w.org\/{rel}","templated":true}]}}