{"id":7433,"date":"2021-12-14T12:55:41","date_gmt":"2021-12-14T11:55:41","guid":{"rendered":"https:\/\/agora.xtec.cat\/ceipmisericordia-reus\/?p=7433"},"modified":"2021-12-14T12:55:41","modified_gmt":"2021-12-14T11:55:41","slug":"el-tio-arriba-a-educacio-infantil","status":"publish","type":"post","link":"https:\/\/agora.xtec.cat\/ceipmisericordia-reus\/infantil\/el-tio-arriba-a-educacio-infantil\/","title":{"rendered":"El Ti\u00f3 arriba a educaci\u00f3 infantil!"},"content":{"rendered":"<p>Avui els nens i nenes d&#8217;educaci\u00f3 infantil han tingut una sorpresa&#8230; Han rebut la visita del Ti\u00f3! L&#8217;hem buscat per tota l&#8217;escola, ja que ens havia deixat pistes i finalment l&#8217;hem trobat a l&#8217;hort de l&#8217;escola. Estava ben amagadet i ja menjava. Aix\u00ed que a partir d&#8217;avui li posarem pells de mandarina i pl\u00e0tan perqu\u00e8 es faci ben gros. <a href=\"https:\/\/agora.xtec.cat\/ceipmisericordia-reus\/wp-content\/uploads\/usu2066\/2021\/12\/WhatsApp-Image-2021-12-14-at-12.51.27.jpeg\"><img loading=\"lazy\" decoding=\"async\" class=\"aligncenter size-medium wp-image-7442\" src=\"https:\/\/agora.xtec.cat\/ceipmisericordia-reus\/wp-content\/uploads\/usu2066\/2021\/12\/WhatsApp-Image-2021-12-14-at-12.51.27-300x300.jpeg\" alt=\"\" width=\"300\" height=\"300\" srcset=\"https:\/\/agora.xtec.cat\/ceipmisericordia-reus\/wp-content\/uploads\/usu2066\/2021\/12\/WhatsApp-Image-2021-12-14-at-12.51.27-300x300.jpeg 300w, https:\/\/agora.xtec.cat\/ceipmisericordia-reus\/wp-content\/uploads\/usu2066\/2021\/12\/WhatsApp-Image-2021-12-14-at-12.51.27-150x150.jpeg 150w, https:\/\/agora.xtec.cat\/ceipmisericordia-reus\/wp-content\/uploads\/usu2066\/2021\/12\/WhatsApp-Image-2021-12-14-at-12.51.27-768x768.jpeg 768w, https:\/\/agora.xtec.cat\/ceipmisericordia-reus\/wp-content\/uploads\/usu2066\/2021\/12\/WhatsApp-Image-2021-12-14-at-12.51.27.jpeg 900w\" sizes=\"auto, (max-width: 300px) 100vw, 300px\" \/><\/a><\/p>\n","protected":false},"excerpt":{"rendered":"<p>EL TI\u00d3 HA ARRIBAT A EDUCACI\u00d3 INFANTIL!&hellip;  <a href=\"https:\/\/agora.xtec.cat\/ceipmisericordia-reus\/infantil\/el-tio-arriba-a-educacio-infantil\/\" title=\"Read El Ti\u00f3 arriba a educaci\u00f3 infantil!\">Llegeix m\u00e9s\u00bb<\/a><\/p>\n","protected":false},"author":4,"featured_media":7441,"comment_status":"open","ping_status":"closed","sticky":false,"template":"","format":"standard","meta":{"_bbp_topic_count":0,"_bbp_reply_count":0,"_bbp_total_topic_count":0,"_bbp_total_reply_count":0,"_bbp_voice_count":0,"_bbp_anonymous_reply_count":0,"_bbp_topic_count_hidden":0,"_bbp_reply_count_hidden":0,"_bbp_forum_subforum_count":0,"footnotes":""},"categories":[92,90,98,108,2,97,3,8,9,4],"tags":[],"class_list":["post-7433","post","type-post","status-publish","format-standard","has-post-thumbnail","hentry","category-activitats-al-centre","category-ed-infantil","category-familia","category-festes-i-tradicions-populars","category-infantil","category-noticies","category-p3","category-p4","category-p5","category-portada"],"post_mailing_queue_ids":[],"_links":{"self":[{"href":"https:\/\/agora.xtec.cat\/ceipmisericordia-reus\/wp-json\/wp\/v2\/posts\/7433","targetHints":{"allow":["GET"]}}],"collection":[{"href":"https:\/\/agora.xtec.cat\/ceipmisericordia-reus\/wp-json\/wp\/v2\/posts"}],"about":[{"href":"https:\/\/agora.xtec.cat\/ceipmisericordia-reus\/wp-json\/wp\/v2\/types\/post"}],"author":[{"embeddable":true,"href":"https:\/\/agora.xtec.cat\/ceipmisericordia-reus\/wp-json\/wp\/v2\/users\/4"}],"replies":[{"embeddable":true,"href":"https:\/\/agora.xtec.cat\/ceipmisericordia-reus\/wp-json\/wp\/v2\/comments?post=7433"}],"version-history":[{"count":1,"href":"https:\/\/agora.xtec.cat\/ceipmisericordia-reus\/wp-json\/wp\/v2\/posts\/7433\/revisions"}],"predecessor-version":[{"id":7443,"href":"https:\/\/agora.xtec.cat\/ceipmisericordia-reus\/wp-json\/wp\/v2\/posts\/7433\/revisions\/7443"}],"wp:featuredmedia":[{"embeddable":true,"href":"https:\/\/agora.xtec.cat\/ceipmisericordia-reus\/wp-json\/wp\/v2\/media\/7441"}],"wp:attachment":[{"href":"https:\/\/agora.xtec.cat\/ceipmisericordia-reus\/wp-json\/wp\/v2\/media?parent=7433"}],"wp:term":[{"taxonomy":"category","embeddable":true,"href":"https:\/\/agora.xtec.cat\/ceipmisericordia-reus\/wp-json\/wp\/v2\/categories?post=7433"},{"taxonomy":"post_tag","embeddable":true,"href":"https:\/\/agora.xtec.cat\/ceipmisericordia-reus\/wp-json\/wp\/v2\/tags?post=7433"}],"curies":[{"name":"wp","href":"https:\/\/api.w.org\/{rel}","templated":true}]}}