{"id":7396,"date":"2021-11-30T17:51:42","date_gmt":"2021-11-30T16:51:42","guid":{"rendered":"https:\/\/agora.xtec.cat\/ceipmisericordia-reus\/?p=7396"},"modified":"2021-11-30T17:51:42","modified_gmt":"2021-11-30T16:51:42","slug":"fem-un-taller-de-tinenca-danimals","status":"publish","type":"post","link":"https:\/\/agora.xtec.cat\/ceipmisericordia-reus\/portada\/fem-un-taller-de-tinenca-danimals\/","title":{"rendered":"Fem un taller de tinen\u00e7a d&#8217;animals"},"content":{"rendered":"<p>Avui, els nens i nenes de cicle superior, hem fet un taller de tinen\u00e7a d&#8217;animals. Hem conegut la Lola i ens han explicat com hem de cuidar els gossos. Hem apr\u00e8s que no els hem d&#8217;abandonar, que els hem d&#8217;estimar, cuidar-los, treure&#8217;ls a passejar, portar-los al veterinari, alimentar-los, donar-los un lloc on dormir&#8230;<\/p>\n<p>Ens ha encantat!<\/p>\n<p>&nbsp;<\/p>\n<p><a href=\"https:\/\/agora.xtec.cat\/ceipmisericordia-reus\/wp-content\/uploads\/usu2066\/2021\/11\/Sin-titulo.jpg\"><img loading=\"lazy\" decoding=\"async\" class=\"aligncenter size-medium wp-image-7397\" src=\"https:\/\/agora.xtec.cat\/ceipmisericordia-reus\/wp-content\/uploads\/usu2066\/2021\/11\/Sin-titulo-300x293.jpg\" alt=\"\" width=\"300\" height=\"293\" srcset=\"https:\/\/agora.xtec.cat\/ceipmisericordia-reus\/wp-content\/uploads\/usu2066\/2021\/11\/Sin-titulo-300x293.jpg 300w, https:\/\/agora.xtec.cat\/ceipmisericordia-reus\/wp-content\/uploads\/usu2066\/2021\/11\/Sin-titulo.jpg 617w\" sizes=\"auto, (max-width: 300px) 100vw, 300px\" \/><\/a><\/p>\n","protected":false},"excerpt":{"rendered":"<p>Avui, els nens i nenes de cicle superior, hem fet un taller de tinen\u00e7a d&#8217;animals. Hem conegut la Lola i ens han explicat com hem de cuidar els gossos. Hem apr\u00e8s que no els hem d&#8217;abandonar, que els hem d&#8217;estimar, cuidar-los, treure&#8217;ls a passejar, portar-los&hellip;  <a href=\"https:\/\/agora.xtec.cat\/ceipmisericordia-reus\/portada\/fem-un-taller-de-tinenca-danimals\/\" title=\"Read Fem un taller de tinen\u00e7a d&#8217;animals\">Llegeix m\u00e9s\u00bb<\/a><\/p>\n","protected":false},"author":4,"featured_media":0,"comment_status":"open","ping_status":"closed","sticky":false,"template":"","format":"standard","meta":{"_bbp_topic_count":0,"_bbp_reply_count":0,"_bbp_total_topic_count":0,"_bbp_total_reply_count":0,"_bbp_voice_count":0,"_bbp_anonymous_reply_count":0,"_bbp_topic_count_hidden":0,"_bbp_reply_count_hidden":0,"_bbp_forum_subforum_count":0,"footnotes":""},"categories":[14,15,80,91,4],"tags":[],"class_list":["post-7396","post","type-post","status-publish","format-standard","hentry","category-5e","category-6e","category-cicle-superior","category-ed-primaria","category-portada"],"post_mailing_queue_ids":[],"_links":{"self":[{"href":"https:\/\/agora.xtec.cat\/ceipmisericordia-reus\/wp-json\/wp\/v2\/posts\/7396","targetHints":{"allow":["GET"]}}],"collection":[{"href":"https:\/\/agora.xtec.cat\/ceipmisericordia-reus\/wp-json\/wp\/v2\/posts"}],"about":[{"href":"https:\/\/agora.xtec.cat\/ceipmisericordia-reus\/wp-json\/wp\/v2\/types\/post"}],"author":[{"embeddable":true,"href":"https:\/\/agora.xtec.cat\/ceipmisericordia-reus\/wp-json\/wp\/v2\/users\/4"}],"replies":[{"embeddable":true,"href":"https:\/\/agora.xtec.cat\/ceipmisericordia-reus\/wp-json\/wp\/v2\/comments?post=7396"}],"version-history":[{"count":1,"href":"https:\/\/agora.xtec.cat\/ceipmisericordia-reus\/wp-json\/wp\/v2\/posts\/7396\/revisions"}],"predecessor-version":[{"id":7398,"href":"https:\/\/agora.xtec.cat\/ceipmisericordia-reus\/wp-json\/wp\/v2\/posts\/7396\/revisions\/7398"}],"wp:attachment":[{"href":"https:\/\/agora.xtec.cat\/ceipmisericordia-reus\/wp-json\/wp\/v2\/media?parent=7396"}],"wp:term":[{"taxonomy":"category","embeddable":true,"href":"https:\/\/agora.xtec.cat\/ceipmisericordia-reus\/wp-json\/wp\/v2\/categories?post=7396"},{"taxonomy":"post_tag","embeddable":true,"href":"https:\/\/agora.xtec.cat\/ceipmisericordia-reus\/wp-json\/wp\/v2\/tags?post=7396"}],"curies":[{"name":"wp","href":"https:\/\/api.w.org\/{rel}","templated":true}]}}