{"id":7371,"date":"2021-11-22T15:55:41","date_gmt":"2021-11-22T14:55:41","guid":{"rendered":"https:\/\/agora.xtec.cat\/ceipmisericordia-reus\/?p=7371"},"modified":"2021-11-22T15:56:48","modified_gmt":"2021-11-22T14:56:48","slug":"canco-quinzenal-3","status":"publish","type":"post","link":"https:\/\/agora.xtec.cat\/ceipmisericordia-reus\/infantil\/canco-quinzenal-3\/","title":{"rendered":"Can\u00e7\u00f3 quinzenal!"},"content":{"rendered":"<p>Aquesta quinzena, la llengua que treballarem a l&#8217;escola ser\u00e0 el catal\u00e0, mitjan\u00e7ant una can\u00e7\u00f3 dels Stays Homas en cmpanyia d&#8217;Albert Pla!<\/p>\n<p>Esperem que la gaudia molt! \ud83c\udfb6\ud83c\udfb7<\/p>\n<p><iframe loading=\"lazy\" title=\"STAY HOMAS, Albert Pla - No Vull Baixar (Official Video)\" width=\"500\" height=\"281\" src=\"https:\/\/www.youtube.com\/embed\/Y1WImYQ7r_E?feature=oembed\" frameborder=\"0\" allow=\"accelerometer; autoplay; clipboard-write; encrypted-media; gyroscope; picture-in-picture; web-share\" referrerpolicy=\"strict-origin-when-cross-origin\" allowfullscreen><\/iframe><\/p>\n<p>&nbsp;<\/p>\n","protected":false},"excerpt":{"rendered":"<p>Aquesta quinzena, la llengua que treballarem a l&#8217;escola ser\u00e0 el catal\u00e0, mitjan\u00e7ant una can\u00e7\u00f3 dels Stays Homas en cmpanyia d&#8217;Albert Pla!<br \/>\nEsperem que la gaudia molt! \ud83c\udfb6\ud83c\udfb7<\/p>\n<p>&nbsp;<\/p>\n","protected":false},"author":4,"featured_media":7373,"comment_status":"open","ping_status":"closed","sticky":false,"template":"","format":"standard","meta":{"_bbp_topic_count":0,"_bbp_reply_count":0,"_bbp_total_topic_count":0,"_bbp_total_reply_count":0,"_bbp_voice_count":0,"_bbp_anonymous_reply_count":0,"_bbp_topic_count_hidden":0,"_bbp_reply_count_hidden":0,"_bbp_forum_subforum_count":0,"footnotes":""},"categories":[74,79,80,90,2,3,8,9,4,5],"tags":[],"class_list":["post-7371","post","type-post","status-publish","format-standard","has-post-thumbnail","hentry","category-cicle-inicial","category-cicle-mitja","category-cicle-superior","category-ed-infantil","category-infantil","category-p3","category-p4","category-p5","category-portada","category-primaria"],"post_mailing_queue_ids":[],"_links":{"self":[{"href":"https:\/\/agora.xtec.cat\/ceipmisericordia-reus\/wp-json\/wp\/v2\/posts\/7371","targetHints":{"allow":["GET"]}}],"collection":[{"href":"https:\/\/agora.xtec.cat\/ceipmisericordia-reus\/wp-json\/wp\/v2\/posts"}],"about":[{"href":"https:\/\/agora.xtec.cat\/ceipmisericordia-reus\/wp-json\/wp\/v2\/types\/post"}],"author":[{"embeddable":true,"href":"https:\/\/agora.xtec.cat\/ceipmisericordia-reus\/wp-json\/wp\/v2\/users\/4"}],"replies":[{"embeddable":true,"href":"https:\/\/agora.xtec.cat\/ceipmisericordia-reus\/wp-json\/wp\/v2\/comments?post=7371"}],"version-history":[{"count":3,"href":"https:\/\/agora.xtec.cat\/ceipmisericordia-reus\/wp-json\/wp\/v2\/posts\/7371\/revisions"}],"predecessor-version":[{"id":7375,"href":"https:\/\/agora.xtec.cat\/ceipmisericordia-reus\/wp-json\/wp\/v2\/posts\/7371\/revisions\/7375"}],"wp:featuredmedia":[{"embeddable":true,"href":"https:\/\/agora.xtec.cat\/ceipmisericordia-reus\/wp-json\/wp\/v2\/media\/7373"}],"wp:attachment":[{"href":"https:\/\/agora.xtec.cat\/ceipmisericordia-reus\/wp-json\/wp\/v2\/media?parent=7371"}],"wp:term":[{"taxonomy":"category","embeddable":true,"href":"https:\/\/agora.xtec.cat\/ceipmisericordia-reus\/wp-json\/wp\/v2\/categories?post=7371"},{"taxonomy":"post_tag","embeddable":true,"href":"https:\/\/agora.xtec.cat\/ceipmisericordia-reus\/wp-json\/wp\/v2\/tags?post=7371"}],"curies":[{"name":"wp","href":"https:\/\/api.w.org\/{rel}","templated":true}]}}