{"id":7333,"date":"2021-11-07T20:02:21","date_gmt":"2021-11-07T19:02:21","guid":{"rendered":"https:\/\/agora.xtec.cat\/ceipmisericordia-reus\/?p=7333"},"modified":"2021-11-08T20:09:03","modified_gmt":"2021-11-08T19:09:03","slug":"canco-quinzenal-2","status":"publish","type":"post","link":"https:\/\/agora.xtec.cat\/ceipmisericordia-reus\/infantil\/p3\/canco-quinzenal-2\/","title":{"rendered":"Can\u00e7\u00f3 quinzenal"},"content":{"rendered":"<p>La can\u00e7\u00f3 que treballarem la propera quinzena a la nostra escola s&#8217;anomena: &#8220;Desfado&#8221; de<\/p>\n<p>la cantant portuguesa Ana Moura. \ud83c\udfb6<\/p>\n<p>Per tant, la llengua que treballarem ser\u00e0 el portugu\u00e9s.<\/p>\n<p>Esperem que us agradi la gaudiu molt! \ud83e\udd17<\/p>\n<p><iframe loading=\"lazy\" title=\"Ana Moura - Desfado (Ao Vivo)\" width=\"500\" height=\"281\" src=\"https:\/\/www.youtube.com\/embed\/TZurR7xGk4c?feature=oembed\" frameborder=\"0\" allow=\"accelerometer; autoplay; clipboard-write; encrypted-media; gyroscope; picture-in-picture; web-share\" referrerpolicy=\"strict-origin-when-cross-origin\" allowfullscreen><\/iframe><\/p>\n","protected":false},"excerpt":{"rendered":"<p>La can\u00e7\u00f3 que treballarem la propera quinzena a la nostra escola s&#8217;anomena: &#8220;Desfado&#8221; de<br \/>\nla cantant portuguesa Ana Moura. \ud83c\udfb6<br \/>\nPer tant, la llengua que treballarem ser\u00e0 el portugu\u00e9s.<br \/>\nEsperem que us agradi la gaudiu molt! \ud83e\udd17<\/p>\n","protected":false},"author":4,"featured_media":0,"comment_status":"open","ping_status":"closed","sticky":false,"template":"","format":"standard","meta":{"_bbp_topic_count":0,"_bbp_reply_count":0,"_bbp_total_topic_count":0,"_bbp_total_reply_count":0,"_bbp_voice_count":0,"_bbp_anonymous_reply_count":0,"_bbp_topic_count_hidden":0,"_bbp_reply_count_hidden":0,"_bbp_forum_subforum_count":0,"footnotes":""},"categories":[10,11,12,13,14,15,90,91,3,8,9,4],"tags":[],"class_list":["post-7333","post","type-post","status-publish","format-standard","hentry","category-1r","category-2n","category-3r","category-4t","category-5e","category-6e","category-ed-infantil","category-ed-primaria","category-p3","category-p4","category-p5","category-portada"],"post_mailing_queue_ids":[],"_links":{"self":[{"href":"https:\/\/agora.xtec.cat\/ceipmisericordia-reus\/wp-json\/wp\/v2\/posts\/7333","targetHints":{"allow":["GET"]}}],"collection":[{"href":"https:\/\/agora.xtec.cat\/ceipmisericordia-reus\/wp-json\/wp\/v2\/posts"}],"about":[{"href":"https:\/\/agora.xtec.cat\/ceipmisericordia-reus\/wp-json\/wp\/v2\/types\/post"}],"author":[{"embeddable":true,"href":"https:\/\/agora.xtec.cat\/ceipmisericordia-reus\/wp-json\/wp\/v2\/users\/4"}],"replies":[{"embeddable":true,"href":"https:\/\/agora.xtec.cat\/ceipmisericordia-reus\/wp-json\/wp\/v2\/comments?post=7333"}],"version-history":[{"count":1,"href":"https:\/\/agora.xtec.cat\/ceipmisericordia-reus\/wp-json\/wp\/v2\/posts\/7333\/revisions"}],"predecessor-version":[{"id":7334,"href":"https:\/\/agora.xtec.cat\/ceipmisericordia-reus\/wp-json\/wp\/v2\/posts\/7333\/revisions\/7334"}],"wp:attachment":[{"href":"https:\/\/agora.xtec.cat\/ceipmisericordia-reus\/wp-json\/wp\/v2\/media?parent=7333"}],"wp:term":[{"taxonomy":"category","embeddable":true,"href":"https:\/\/agora.xtec.cat\/ceipmisericordia-reus\/wp-json\/wp\/v2\/categories?post=7333"},{"taxonomy":"post_tag","embeddable":true,"href":"https:\/\/agora.xtec.cat\/ceipmisericordia-reus\/wp-json\/wp\/v2\/tags?post=7333"}],"curies":[{"name":"wp","href":"https:\/\/api.w.org\/{rel}","templated":true}]}}