{"id":7310,"date":"2021-10-29T22:53:55","date_gmt":"2021-10-29T20:53:55","guid":{"rendered":"https:\/\/agora.xtec.cat\/ceipmisericordia-reus\/?p=7310"},"modified":"2021-10-29T22:58:28","modified_gmt":"2021-10-29T20:58:28","slug":"festa-de-la-castanyada-2","status":"publish","type":"post","link":"https:\/\/agora.xtec.cat\/ceipmisericordia-reus\/infantil\/festa-de-la-castanyada-2\/","title":{"rendered":"FESTA DE LA CASTANYADA!"},"content":{"rendered":"<p>Aquesta tarda hem sortit tots a celebrar la Castanyada \ud83c\udf30\ud83c\udf30!\u00a0Ens hem vestit d&#8217;aut\u00e8ntics castanyers i castanyeres per ballar i menjar castanyes ben torrades, i qu\u00e8 bones! Ha estat una tarda fant\u00e0stica!<\/p>\n<p><iframe loading=\"lazy\" title=\"FESTA DE LA CASTANYADA!\" width=\"500\" height=\"375\" src=\"https:\/\/www.youtube.com\/embed\/dDDP229M4-Y?feature=oembed\" frameborder=\"0\" allow=\"accelerometer; autoplay; clipboard-write; encrypted-media; gyroscope; picture-in-picture; web-share\" referrerpolicy=\"strict-origin-when-cross-origin\" allowfullscreen><\/iframe><\/p>\n","protected":false},"excerpt":{"rendered":"<p>Aquesta tarda hem sortit tots a celebrar la Castanyada \ud83c\udf30\ud83c\udf30!\u00a0Ens hem vestit d&#8217;aut\u00e8ntics castanyers i castanyeres per ballar i menjar castanyes ben torrades, i qu\u00e8 bones! Ha estat una tarda fant\u00e0stica!<\/p>\n","protected":false},"author":4,"featured_media":7311,"comment_status":"open","ping_status":"closed","sticky":false,"template":"","format":"standard","meta":{"_bbp_topic_count":0,"_bbp_reply_count":0,"_bbp_total_topic_count":0,"_bbp_total_reply_count":0,"_bbp_voice_count":0,"_bbp_anonymous_reply_count":0,"_bbp_topic_count_hidden":0,"_bbp_reply_count_hidden":0,"_bbp_forum_subforum_count":0,"footnotes":""},"categories":[10,11,12,13,14,15,92,74,79,80,90,91,76,108,2,3,8,9,4,5],"tags":[125,132,158,134,124,137],"class_list":["post-7310","post","type-post","status-publish","format-standard","has-post-thumbnail","hentry","category-1r","category-2n","category-3r","category-4t","category-5e","category-6e","category-activitats-al-centre","category-cicle-inicial","category-cicle-mitja","category-cicle-superior","category-ed-infantil","category-ed-primaria","category-festes","category-festes-i-tradicions-populars","category-infantil","category-p3","category-p4","category-p5","category-portada","category-primaria","tag-escolamisericordiadereus","tag-escolapublicareus","tag-festesitradicions","tag-inclusiva","tag-viulapublica","tag-vivadiversaipublica"],"post_mailing_queue_ids":[],"_links":{"self":[{"href":"https:\/\/agora.xtec.cat\/ceipmisericordia-reus\/wp-json\/wp\/v2\/posts\/7310","targetHints":{"allow":["GET"]}}],"collection":[{"href":"https:\/\/agora.xtec.cat\/ceipmisericordia-reus\/wp-json\/wp\/v2\/posts"}],"about":[{"href":"https:\/\/agora.xtec.cat\/ceipmisericordia-reus\/wp-json\/wp\/v2\/types\/post"}],"author":[{"embeddable":true,"href":"https:\/\/agora.xtec.cat\/ceipmisericordia-reus\/wp-json\/wp\/v2\/users\/4"}],"replies":[{"embeddable":true,"href":"https:\/\/agora.xtec.cat\/ceipmisericordia-reus\/wp-json\/wp\/v2\/comments?post=7310"}],"version-history":[{"count":1,"href":"https:\/\/agora.xtec.cat\/ceipmisericordia-reus\/wp-json\/wp\/v2\/posts\/7310\/revisions"}],"predecessor-version":[{"id":7312,"href":"https:\/\/agora.xtec.cat\/ceipmisericordia-reus\/wp-json\/wp\/v2\/posts\/7310\/revisions\/7312"}],"wp:featuredmedia":[{"embeddable":true,"href":"https:\/\/agora.xtec.cat\/ceipmisericordia-reus\/wp-json\/wp\/v2\/media\/7311"}],"wp:attachment":[{"href":"https:\/\/agora.xtec.cat\/ceipmisericordia-reus\/wp-json\/wp\/v2\/media?parent=7310"}],"wp:term":[{"taxonomy":"category","embeddable":true,"href":"https:\/\/agora.xtec.cat\/ceipmisericordia-reus\/wp-json\/wp\/v2\/categories?post=7310"},{"taxonomy":"post_tag","embeddable":true,"href":"https:\/\/agora.xtec.cat\/ceipmisericordia-reus\/wp-json\/wp\/v2\/tags?post=7310"}],"curies":[{"name":"wp","href":"https:\/\/api.w.org\/{rel}","templated":true}]}}