{"id":7295,"date":"2021-10-27T14:47:52","date_gmt":"2021-10-27T12:47:52","guid":{"rendered":"https:\/\/agora.xtec.cat\/ceipmisericordia-reus\/?p=7295"},"modified":"2021-10-30T22:24:35","modified_gmt":"2021-10-30T20:24:35","slug":"halloween-week","status":"publish","type":"post","link":"https:\/\/agora.xtec.cat\/ceipmisericordia-reus\/portada\/halloween-week\/","title":{"rendered":"Halloween week!"},"content":{"rendered":"<p>Aquesta setmana hem estat treballant Halloween a cicle mitj\u00e0 (3r i 4t), per poder con\u00e8ixer una mica m\u00e9s d&#8217;aquesta festa. \ud83c\udf83<\/p>\n<p>Hem gaudit molt! Aqu\u00ed us deixem unes fotos de l&#8217;alumnat treballant diferents activitats!<\/p>\n<p><a href=\"https:\/\/agora.xtec.cat\/ceipmisericordia-reus\/wp-content\/uploads\/usu2066\/2021\/10\/Collage_20211027_143704_resized_20211027_023748519.jpg\"><img loading=\"lazy\" decoding=\"async\" class=\"aligncenter size-full wp-image-7296\" src=\"https:\/\/agora.xtec.cat\/ceipmisericordia-reus\/wp-content\/uploads\/usu2066\/2021\/10\/Collage_20211027_143704_resized_20211027_023748519.jpg\" alt=\"\" width=\"1080\" height=\"1620\" srcset=\"https:\/\/agora.xtec.cat\/ceipmisericordia-reus\/wp-content\/uploads\/usu2066\/2021\/10\/Collage_20211027_143704_resized_20211027_023748519.jpg 1080w, https:\/\/agora.xtec.cat\/ceipmisericordia-reus\/wp-content\/uploads\/usu2066\/2021\/10\/Collage_20211027_143704_resized_20211027_023748519-200x300.jpg 200w, https:\/\/agora.xtec.cat\/ceipmisericordia-reus\/wp-content\/uploads\/usu2066\/2021\/10\/Collage_20211027_143704_resized_20211027_023748519-683x1024.jpg 683w, https:\/\/agora.xtec.cat\/ceipmisericordia-reus\/wp-content\/uploads\/usu2066\/2021\/10\/Collage_20211027_143704_resized_20211027_023748519-768x1152.jpg 768w, https:\/\/agora.xtec.cat\/ceipmisericordia-reus\/wp-content\/uploads\/usu2066\/2021\/10\/Collage_20211027_143704_resized_20211027_023748519-1024x1536.jpg 1024w\" sizes=\"auto, (max-width: 1080px) 100vw, 1080px\" \/><\/a> <a href=\"https:\/\/agora.xtec.cat\/ceipmisericordia-reus\/wp-content\/uploads\/usu2066\/2021\/10\/Collage_20211027_143718_resized_20211027_023748406.jpg\"><img loading=\"lazy\" decoding=\"async\" class=\"aligncenter size-full wp-image-7297\" src=\"https:\/\/agora.xtec.cat\/ceipmisericordia-reus\/wp-content\/uploads\/usu2066\/2021\/10\/Collage_20211027_143718_resized_20211027_023748406.jpg\" alt=\"\" width=\"1080\" height=\"810\" srcset=\"https:\/\/agora.xtec.cat\/ceipmisericordia-reus\/wp-content\/uploads\/usu2066\/2021\/10\/Collage_20211027_143718_resized_20211027_023748406.jpg 1080w, https:\/\/agora.xtec.cat\/ceipmisericordia-reus\/wp-content\/uploads\/usu2066\/2021\/10\/Collage_20211027_143718_resized_20211027_023748406-300x225.jpg 300w, https:\/\/agora.xtec.cat\/ceipmisericordia-reus\/wp-content\/uploads\/usu2066\/2021\/10\/Collage_20211027_143718_resized_20211027_023748406-1024x768.jpg 1024w, https:\/\/agora.xtec.cat\/ceipmisericordia-reus\/wp-content\/uploads\/usu2066\/2021\/10\/Collage_20211027_143718_resized_20211027_023748406-768x576.jpg 768w, https:\/\/agora.xtec.cat\/ceipmisericordia-reus\/wp-content\/uploads\/usu2066\/2021\/10\/Collage_20211027_143718_resized_20211027_023748406-200x150.jpg 200w\" sizes=\"auto, (max-width: 1080px) 100vw, 1080px\" \/><\/a><\/p>\n","protected":false},"excerpt":{"rendered":"<p>Aquesta setmana hem estat treballant Halloween a cicle mitj\u00e0 (3r i 4t), per poder con\u00e8ixer una mica m\u00e9s d&#8217;aquesta festa. \ud83c\udf83<br \/>\nHem gaudit molt! Aqu\u00ed us deixem unes fotos de l&#8217;alumnat treballant diferents activitats!<br \/>\n<a href=\"https:\/\/agora.xtec.cat\/ceipmisericordia-reus\/wp-content\/uploads\/usu2066\/2021\/10\/Collage_20211027_143704_resized_20211027_023748519.jpg\"><\/a> <a href=\"https:\/\/agora.xtec.cat\/ceipmisericordia-reus\/wp-content\/uploads\/usu2066\/2021\/10\/Collage_20211027_143718_resized_20211027_023748406.jpg\"><\/a><\/p>\n","protected":false},"author":4,"featured_media":0,"comment_status":"open","ping_status":"closed","sticky":false,"template":"","format":"standard","meta":{"_bbp_topic_count":0,"_bbp_reply_count":0,"_bbp_total_topic_count":0,"_bbp_total_reply_count":0,"_bbp_voice_count":0,"_bbp_anonymous_reply_count":0,"_bbp_topic_count_hidden":0,"_bbp_reply_count_hidden":0,"_bbp_forum_subforum_count":0,"footnotes":""},"categories":[12,13,84,79,91,4],"tags":[],"class_list":["post-7295","post","type-post","status-publish","format-standard","hentry","category-3r","category-4t","category-angles","category-cicle-mitja","category-ed-primaria","category-portada"],"post_mailing_queue_ids":[],"_links":{"self":[{"href":"https:\/\/agora.xtec.cat\/ceipmisericordia-reus\/wp-json\/wp\/v2\/posts\/7295","targetHints":{"allow":["GET"]}}],"collection":[{"href":"https:\/\/agora.xtec.cat\/ceipmisericordia-reus\/wp-json\/wp\/v2\/posts"}],"about":[{"href":"https:\/\/agora.xtec.cat\/ceipmisericordia-reus\/wp-json\/wp\/v2\/types\/post"}],"author":[{"embeddable":true,"href":"https:\/\/agora.xtec.cat\/ceipmisericordia-reus\/wp-json\/wp\/v2\/users\/4"}],"replies":[{"embeddable":true,"href":"https:\/\/agora.xtec.cat\/ceipmisericordia-reus\/wp-json\/wp\/v2\/comments?post=7295"}],"version-history":[{"count":1,"href":"https:\/\/agora.xtec.cat\/ceipmisericordia-reus\/wp-json\/wp\/v2\/posts\/7295\/revisions"}],"predecessor-version":[{"id":7298,"href":"https:\/\/agora.xtec.cat\/ceipmisericordia-reus\/wp-json\/wp\/v2\/posts\/7295\/revisions\/7298"}],"wp:attachment":[{"href":"https:\/\/agora.xtec.cat\/ceipmisericordia-reus\/wp-json\/wp\/v2\/media?parent=7295"}],"wp:term":[{"taxonomy":"category","embeddable":true,"href":"https:\/\/agora.xtec.cat\/ceipmisericordia-reus\/wp-json\/wp\/v2\/categories?post=7295"},{"taxonomy":"post_tag","embeddable":true,"href":"https:\/\/agora.xtec.cat\/ceipmisericordia-reus\/wp-json\/wp\/v2\/tags?post=7295"}],"curies":[{"name":"wp","href":"https:\/\/api.w.org\/{rel}","templated":true}]}}