{"id":7265,"date":"2021-10-24T19:19:12","date_gmt":"2021-10-24T17:19:12","guid":{"rendered":"https:\/\/agora.xtec.cat\/ceipmisericordia-reus\/?p=7265"},"modified":"2021-10-24T19:19:12","modified_gmt":"2021-10-24T17:19:12","slug":"sortida-al-parc","status":"publish","type":"post","link":"https:\/\/agora.xtec.cat\/ceipmisericordia-reus\/infantil\/sortida-al-parc\/","title":{"rendered":"SORTIDA AL PARC!"},"content":{"rendered":"<p>Divendres, la classe de P5 va fer una petita sortida al parc de la pla\u00e7a Pedrol Rius, ens ho vam passar d&#8217;all\u00f2 m\u00e9s b\u00e9! #projecteunaescolaunparc<\/p>\n<p><iframe loading=\"lazy\" title=\"SORTIDA AL PARC!\" width=\"500\" height=\"281\" src=\"https:\/\/www.youtube.com\/embed\/jy17lHs1kBM?feature=oembed\" frameborder=\"0\" allow=\"accelerometer; autoplay; clipboard-write; encrypted-media; gyroscope; picture-in-picture; web-share\" referrerpolicy=\"strict-origin-when-cross-origin\" allowfullscreen><\/iframe><\/p>\n","protected":false},"excerpt":{"rendered":"<p>Divendres, la classe de P5 va fer una petita sortida al parc de la pla\u00e7a Pedrol Rius, ens ho vam passar d&#8217;all\u00f2 m\u00e9s b\u00e9! #projecteunaescolaunparc<\/p>\n","protected":false},"author":4,"featured_media":7266,"comment_status":"open","ping_status":"closed","sticky":false,"template":"","format":"standard","meta":{"_bbp_topic_count":0,"_bbp_reply_count":0,"_bbp_total_topic_count":0,"_bbp_total_reply_count":0,"_bbp_voice_count":0,"_bbp_anonymous_reply_count":0,"_bbp_topic_count_hidden":0,"_bbp_reply_count_hidden":0,"_bbp_forum_subforum_count":0,"footnotes":""},"categories":[90,2,9,4],"tags":[125,132,211,110],"class_list":["post-7265","post","type-post","status-publish","format-standard","has-post-thumbnail","hentry","category-ed-infantil","category-infantil","category-p5","category-portada","tag-escolamisericordiadereus","tag-escolapublicareus","tag-unaescolaunparc","tag-infantil"],"post_mailing_queue_ids":[],"_links":{"self":[{"href":"https:\/\/agora.xtec.cat\/ceipmisericordia-reus\/wp-json\/wp\/v2\/posts\/7265","targetHints":{"allow":["GET"]}}],"collection":[{"href":"https:\/\/agora.xtec.cat\/ceipmisericordia-reus\/wp-json\/wp\/v2\/posts"}],"about":[{"href":"https:\/\/agora.xtec.cat\/ceipmisericordia-reus\/wp-json\/wp\/v2\/types\/post"}],"author":[{"embeddable":true,"href":"https:\/\/agora.xtec.cat\/ceipmisericordia-reus\/wp-json\/wp\/v2\/users\/4"}],"replies":[{"embeddable":true,"href":"https:\/\/agora.xtec.cat\/ceipmisericordia-reus\/wp-json\/wp\/v2\/comments?post=7265"}],"version-history":[{"count":1,"href":"https:\/\/agora.xtec.cat\/ceipmisericordia-reus\/wp-json\/wp\/v2\/posts\/7265\/revisions"}],"predecessor-version":[{"id":7267,"href":"https:\/\/agora.xtec.cat\/ceipmisericordia-reus\/wp-json\/wp\/v2\/posts\/7265\/revisions\/7267"}],"wp:featuredmedia":[{"embeddable":true,"href":"https:\/\/agora.xtec.cat\/ceipmisericordia-reus\/wp-json\/wp\/v2\/media\/7266"}],"wp:attachment":[{"href":"https:\/\/agora.xtec.cat\/ceipmisericordia-reus\/wp-json\/wp\/v2\/media?parent=7265"}],"wp:term":[{"taxonomy":"category","embeddable":true,"href":"https:\/\/agora.xtec.cat\/ceipmisericordia-reus\/wp-json\/wp\/v2\/categories?post=7265"},{"taxonomy":"post_tag","embeddable":true,"href":"https:\/\/agora.xtec.cat\/ceipmisericordia-reus\/wp-json\/wp\/v2\/tags?post=7265"}],"curies":[{"name":"wp","href":"https:\/\/api.w.org\/{rel}","templated":true}]}}