{"id":7233,"date":"2021-10-16T15:08:09","date_gmt":"2021-10-16T13:08:09","guid":{"rendered":"https:\/\/agora.xtec.cat\/ceipmisericordia-reus\/?p=7233"},"modified":"2021-10-16T15:08:09","modified_gmt":"2021-10-16T13:08:09","slug":"la-canco-quinzenal-3","status":"publish","type":"post","link":"https:\/\/agora.xtec.cat\/ceipmisericordia-reus\/infantil\/p3\/la-canco-quinzenal-3\/","title":{"rendered":"LA CAN\u00c7\u00d3 QUINZENAL"},"content":{"rendered":"<p>Hola a tothom!<\/p>\n<p>La can\u00e7\u00f3 seleccionada per sonar la propera quinzena a la nostra escola, ser\u00e0: &#8220;<b>MEDITERR\u00c0NIA&#8221; de <\/b><b>La F\u00famiga ft. Flora i Man. \ud83d\udd0a<\/b><\/p>\n<p>La llengua que treballarem ser\u00e0 el catal\u00e0.<\/p>\n<p>Desitjem que us agradi i la gaudiu molt! \ud83d\ude00<\/p>\n<p><iframe loading=\"lazy\" title=\"La F\u00famiga - MEDITERR\u00c0NIA ft. Flora (El Diluvi) i Man (VADEBO) | VIDEOCLIP | Espremedors (2019)\" width=\"500\" height=\"281\" src=\"https:\/\/www.youtube.com\/embed\/AQcRLOhO3Ng?feature=oembed\" frameborder=\"0\" allow=\"accelerometer; autoplay; clipboard-write; encrypted-media; gyroscope; picture-in-picture; web-share\" referrerpolicy=\"strict-origin-when-cross-origin\" allowfullscreen><\/iframe><\/p>\n<p>&nbsp;<\/p>\n","protected":false},"excerpt":{"rendered":"<p>Hola a tothom!<br \/>\nLa can\u00e7\u00f3 seleccionada per sonar la propera quinzena a la nostra escola, ser\u00e0: &#8220;MEDITERR\u00c0NIA&#8221; de La F\u00famiga ft. Flora i Man. \ud83d\udd0a<br \/>\nLa llengua que treballarem ser\u00e0 el catal\u00e0.<br \/>\nDesitjem que us agradi i la gaudiu molt! \ud83d\ude00<\/p>\n<p>&nbsp;<\/p>\n","protected":false},"author":4,"featured_media":0,"comment_status":"open","ping_status":"closed","sticky":false,"template":"","format":"standard","meta":{"_bbp_topic_count":0,"_bbp_reply_count":0,"_bbp_total_topic_count":0,"_bbp_total_reply_count":0,"_bbp_voice_count":0,"_bbp_anonymous_reply_count":0,"_bbp_topic_count_hidden":0,"_bbp_reply_count_hidden":0,"_bbp_forum_subforum_count":0,"footnotes":""},"categories":[74,79,80,3,8,9,4],"tags":[],"class_list":["post-7233","post","type-post","status-publish","format-standard","hentry","category-cicle-inicial","category-cicle-mitja","category-cicle-superior","category-p3","category-p4","category-p5","category-portada"],"post_mailing_queue_ids":[],"_links":{"self":[{"href":"https:\/\/agora.xtec.cat\/ceipmisericordia-reus\/wp-json\/wp\/v2\/posts\/7233","targetHints":{"allow":["GET"]}}],"collection":[{"href":"https:\/\/agora.xtec.cat\/ceipmisericordia-reus\/wp-json\/wp\/v2\/posts"}],"about":[{"href":"https:\/\/agora.xtec.cat\/ceipmisericordia-reus\/wp-json\/wp\/v2\/types\/post"}],"author":[{"embeddable":true,"href":"https:\/\/agora.xtec.cat\/ceipmisericordia-reus\/wp-json\/wp\/v2\/users\/4"}],"replies":[{"embeddable":true,"href":"https:\/\/agora.xtec.cat\/ceipmisericordia-reus\/wp-json\/wp\/v2\/comments?post=7233"}],"version-history":[{"count":2,"href":"https:\/\/agora.xtec.cat\/ceipmisericordia-reus\/wp-json\/wp\/v2\/posts\/7233\/revisions"}],"predecessor-version":[{"id":7235,"href":"https:\/\/agora.xtec.cat\/ceipmisericordia-reus\/wp-json\/wp\/v2\/posts\/7233\/revisions\/7235"}],"wp:attachment":[{"href":"https:\/\/agora.xtec.cat\/ceipmisericordia-reus\/wp-json\/wp\/v2\/media?parent=7233"}],"wp:term":[{"taxonomy":"category","embeddable":true,"href":"https:\/\/agora.xtec.cat\/ceipmisericordia-reus\/wp-json\/wp\/v2\/categories?post=7233"},{"taxonomy":"post_tag","embeddable":true,"href":"https:\/\/agora.xtec.cat\/ceipmisericordia-reus\/wp-json\/wp\/v2\/tags?post=7233"}],"curies":[{"name":"wp","href":"https:\/\/api.w.org\/{rel}","templated":true}]}}