{"id":7197,"date":"2021-09-29T20:34:55","date_gmt":"2021-09-29T18:34:55","guid":{"rendered":"https:\/\/agora.xtec.cat\/ceipmisericordia-reus\/?p=7197"},"modified":"2021-09-29T20:34:55","modified_gmt":"2021-09-29T18:34:55","slug":"la-canco-quinzenal-2","status":"publish","type":"post","link":"https:\/\/agora.xtec.cat\/ceipmisericordia-reus\/portada\/la-canco-quinzenal-2\/","title":{"rendered":"LA CAN\u00c7\u00d3 QUINZENAL"},"content":{"rendered":"<p>Ciao a tutti! La can\u00e7\u00f3 que sonar\u00e0 la propera quinzena ser\u00e0 MILLE de Fedez, Achille Laura i Orietta Berti. L&#8217;idioma que treballarem ser\u00e0 l&#8217;itali\u00e0 \ud83c\udfb6 Esperem que us agradi! \ud83d\ude09<\/p>\n<p><iframe loading=\"lazy\" title=\"Fedez, Achille Lauro, Orietta Berti - MILLE (Official Video)\" width=\"500\" height=\"281\" src=\"https:\/\/www.youtube.com\/embed\/l6N-Yq9Fw4U?feature=oembed\" frameborder=\"0\" allow=\"accelerometer; autoplay; clipboard-write; encrypted-media; gyroscope; picture-in-picture; web-share\" referrerpolicy=\"strict-origin-when-cross-origin\" allowfullscreen><\/iframe><\/p>\n","protected":false},"excerpt":{"rendered":"<p>Ciao a tutti! La can\u00e7\u00f3 que sonar\u00e0 la propera quinzena ser\u00e0 MILLE de Fedez, Achille Laura i Orietta Berti. L&#8217;idioma que treballarem ser\u00e0 l&#8217;itali\u00e0 \ud83c\udfb6 Esperem que us agradi! \ud83d\ude09<\/p>\n","protected":false},"author":4,"featured_media":7198,"comment_status":"open","ping_status":"closed","sticky":false,"template":"","format":"standard","meta":{"_bbp_topic_count":0,"_bbp_reply_count":0,"_bbp_total_topic_count":0,"_bbp_total_reply_count":0,"_bbp_voice_count":0,"_bbp_anonymous_reply_count":0,"_bbp_topic_count_hidden":0,"_bbp_reply_count_hidden":0,"_bbp_forum_subforum_count":0,"footnotes":""},"categories":[92,74,79,80,90,91,4],"tags":[201,125,132,134,135,152],"class_list":["post-7197","post","type-post","status-publish","format-standard","has-post-thumbnail","hentry","category-activitats-al-centre","category-cicle-inicial","category-cicle-mitja","category-cicle-superior","category-ed-infantil","category-ed-primaria","category-portada","tag-cancoquinzenal","tag-escolamisericordiadereus","tag-escolapublicareus","tag-inclusiva","tag-innovadora","tag-musica"],"post_mailing_queue_ids":[],"_links":{"self":[{"href":"https:\/\/agora.xtec.cat\/ceipmisericordia-reus\/wp-json\/wp\/v2\/posts\/7197","targetHints":{"allow":["GET"]}}],"collection":[{"href":"https:\/\/agora.xtec.cat\/ceipmisericordia-reus\/wp-json\/wp\/v2\/posts"}],"about":[{"href":"https:\/\/agora.xtec.cat\/ceipmisericordia-reus\/wp-json\/wp\/v2\/types\/post"}],"author":[{"embeddable":true,"href":"https:\/\/agora.xtec.cat\/ceipmisericordia-reus\/wp-json\/wp\/v2\/users\/4"}],"replies":[{"embeddable":true,"href":"https:\/\/agora.xtec.cat\/ceipmisericordia-reus\/wp-json\/wp\/v2\/comments?post=7197"}],"version-history":[{"count":1,"href":"https:\/\/agora.xtec.cat\/ceipmisericordia-reus\/wp-json\/wp\/v2\/posts\/7197\/revisions"}],"predecessor-version":[{"id":7199,"href":"https:\/\/agora.xtec.cat\/ceipmisericordia-reus\/wp-json\/wp\/v2\/posts\/7197\/revisions\/7199"}],"wp:featuredmedia":[{"embeddable":true,"href":"https:\/\/agora.xtec.cat\/ceipmisericordia-reus\/wp-json\/wp\/v2\/media\/7198"}],"wp:attachment":[{"href":"https:\/\/agora.xtec.cat\/ceipmisericordia-reus\/wp-json\/wp\/v2\/media?parent=7197"}],"wp:term":[{"taxonomy":"category","embeddable":true,"href":"https:\/\/agora.xtec.cat\/ceipmisericordia-reus\/wp-json\/wp\/v2\/categories?post=7197"},{"taxonomy":"post_tag","embeddable":true,"href":"https:\/\/agora.xtec.cat\/ceipmisericordia-reus\/wp-json\/wp\/v2\/tags?post=7197"}],"curies":[{"name":"wp","href":"https:\/\/api.w.org\/{rel}","templated":true}]}}