{"id":7169,"date":"2021-09-15T13:59:25","date_gmt":"2021-09-15T11:59:25","guid":{"rendered":"https:\/\/agora.xtec.cat\/ceipmisericordia-reus\/?p=7169"},"modified":"2021-09-15T13:59:25","modified_gmt":"2021-09-15T11:59:25","slug":"gimcana-inici-de-curs","status":"publish","type":"post","link":"https:\/\/agora.xtec.cat\/ceipmisericordia-reus\/infantil\/gimcana-inici-de-curs\/","title":{"rendered":"GIMCANA INICI DE CURS"},"content":{"rendered":"<p>Els alumnes i les alumnes de prim\u00e0ria han realitzat una gimcana de jocs estiuencs com: llan\u00e7ament de frisbi, el paracaigudes imitant les ones, el surf de carros, les pales, els salts de trampol\u00ed i la piscina de pilotes, ioga a les hamaques, jocs de puntetes perqu\u00e8 tot i que l&#8217;estiu hagi acabat hem pogut gaudir del bon temps i comen\u00e7ar el curs amb alegria.<\/p>\n<p>Els i les alumnes d&#8217;educaci\u00f3 infantil han realitzat el gimcana a la tarda i han fet els seg\u00fcents jocs: corda d&#8217;equilibri, xanques, carros, trampol\u00ed, cam\u00ed d&#8217;obstacles i pilotes saltarines.<\/p>\n<p>Us deixem el v\u00eddeo amb una recull de fotografies per tal que veieu el b\u00e9 que ho van passar.<\/p>\n<p><iframe loading=\"lazy\" title=\"Gimcana Inici Curs Escolar 21\/22 - Miseric\u00f2rdia - Reus\" width=\"500\" height=\"281\" src=\"https:\/\/www.youtube.com\/embed\/fesd2O7RAOE?feature=oembed\" frameborder=\"0\" allow=\"accelerometer; autoplay; clipboard-write; encrypted-media; gyroscope; picture-in-picture; web-share\" referrerpolicy=\"strict-origin-when-cross-origin\" allowfullscreen><\/iframe><\/p>\n","protected":false},"excerpt":{"rendered":"<p>Els alumnes i les alumnes de prim\u00e0ria han realitzat una gimcana de jocs estiuencs com: llan\u00e7ament de frisbi, el paracaigudes imitant les ones, el surf de carros, les pales, els salts de trampol\u00ed i la piscina de pilotes, ioga a les hamaques, jocs de puntetes&hellip;  <a href=\"https:\/\/agora.xtec.cat\/ceipmisericordia-reus\/infantil\/gimcana-inici-de-curs\/\" title=\"Read GIMCANA INICI DE CURS\">Llegeix m\u00e9s\u00bb<\/a><\/p>\n","protected":false},"author":4,"featured_media":7171,"comment_status":"open","ping_status":"closed","sticky":false,"template":"","format":"standard","meta":{"_bbp_topic_count":0,"_bbp_reply_count":0,"_bbp_total_topic_count":0,"_bbp_total_reply_count":0,"_bbp_voice_count":0,"_bbp_anonymous_reply_count":0,"_bbp_topic_count_hidden":0,"_bbp_reply_count_hidden":0,"_bbp_forum_subforum_count":0,"footnotes":""},"categories":[10,11,12,13,14,15,92,74,79,80,90,91,2,3,8,9,4,5],"tags":[125,132,203,134,202,135,133,136,137],"class_list":["post-7169","post","type-post","status-publish","format-standard","has-post-thumbnail","hentry","category-1r","category-2n","category-3r","category-4t","category-5e","category-6e","category-activitats-al-centre","category-cicle-inicial","category-cicle-mitja","category-cicle-superior","category-ed-infantil","category-ed-primaria","category-infantil","category-p3","category-p4","category-p5","category-portada","category-primaria","tag-escolamisericordiadereus","tag-escolapublicareus","tag-gimcana","tag-inclusiva","tag-iniciemelcursescolar","tag-innovadora","tag-publica","tag-qualitat","tag-vivadiversaipublica"],"post_mailing_queue_ids":[],"_links":{"self":[{"href":"https:\/\/agora.xtec.cat\/ceipmisericordia-reus\/wp-json\/wp\/v2\/posts\/7169","targetHints":{"allow":["GET"]}}],"collection":[{"href":"https:\/\/agora.xtec.cat\/ceipmisericordia-reus\/wp-json\/wp\/v2\/posts"}],"about":[{"href":"https:\/\/agora.xtec.cat\/ceipmisericordia-reus\/wp-json\/wp\/v2\/types\/post"}],"author":[{"embeddable":true,"href":"https:\/\/agora.xtec.cat\/ceipmisericordia-reus\/wp-json\/wp\/v2\/users\/4"}],"replies":[{"embeddable":true,"href":"https:\/\/agora.xtec.cat\/ceipmisericordia-reus\/wp-json\/wp\/v2\/comments?post=7169"}],"version-history":[{"count":2,"href":"https:\/\/agora.xtec.cat\/ceipmisericordia-reus\/wp-json\/wp\/v2\/posts\/7169\/revisions"}],"predecessor-version":[{"id":7172,"href":"https:\/\/agora.xtec.cat\/ceipmisericordia-reus\/wp-json\/wp\/v2\/posts\/7169\/revisions\/7172"}],"wp:featuredmedia":[{"embeddable":true,"href":"https:\/\/agora.xtec.cat\/ceipmisericordia-reus\/wp-json\/wp\/v2\/media\/7171"}],"wp:attachment":[{"href":"https:\/\/agora.xtec.cat\/ceipmisericordia-reus\/wp-json\/wp\/v2\/media?parent=7169"}],"wp:term":[{"taxonomy":"category","embeddable":true,"href":"https:\/\/agora.xtec.cat\/ceipmisericordia-reus\/wp-json\/wp\/v2\/categories?post=7169"},{"taxonomy":"post_tag","embeddable":true,"href":"https:\/\/agora.xtec.cat\/ceipmisericordia-reus\/wp-json\/wp\/v2\/tags?post=7169"}],"curies":[{"name":"wp","href":"https:\/\/api.w.org\/{rel}","templated":true}]}}