{"id":7146,"date":"2021-06-22T00:07:40","date_gmt":"2021-06-21T22:07:40","guid":{"rendered":"https:\/\/agora.xtec.cat\/ceipmisericordia-reus\/?p=7146"},"modified":"2021-06-22T00:07:40","modified_gmt":"2021-06-21T22:07:40","slug":"bon-estiu-coral-2021","status":"publish","type":"post","link":"https:\/\/agora.xtec.cat\/ceipmisericordia-reus\/general\/bon-estiu-coral-2021\/","title":{"rendered":"Bon estiu &#8211; Coral 2021"},"content":{"rendered":"<p>Amb aquest v\u00eddeo tanquem el projecte de coral per aquest peculiar curs.<\/p>\n<p>Entre tots els membres de la coral hem canviat la lletra d\u2019aquesta conegud\u00edssima can\u00e7\u00f3 del grup El Pets i l\u2019hem gravat i ballat. Esperem que us agradi.<\/p>\n<p>Amb aquest v\u00eddeo us volem desitjar molt bon estiu!\ud83c\udf3c\ud83c\udf33\ud83d\udd76\u2600\ufe0f\ud83c\udf66\ud83c\udfc4\u200d\u2642\ufe0f\ud83c\udfa4\ud83c\udfbc<\/p>\n<p><iframe loading=\"lazy\" title=\"Bon estiu - Coral 2021\" width=\"500\" height=\"281\" src=\"https:\/\/www.youtube.com\/embed\/KJE46-GhbHE?feature=oembed\" frameborder=\"0\" allow=\"accelerometer; autoplay; clipboard-write; encrypted-media; gyroscope; picture-in-picture; web-share\" referrerpolicy=\"strict-origin-when-cross-origin\" allowfullscreen><\/iframe><\/p>\n","protected":false},"excerpt":{"rendered":"<p>Amb aquest v\u00eddeo tanquem el projecte de coral per aquest peculiar curs.<br \/>\nEntre tots els membres de la coral hem canviat la lletra d\u2019aquesta conegud\u00edssima can\u00e7\u00f3 del grup El Pets i l\u2019hem gravat i ballat. Esperem que us agradi.<br \/>\nAmb aquest v\u00eddeo us volem desitjar molt bon&hellip;  <a href=\"https:\/\/agora.xtec.cat\/ceipmisericordia-reus\/general\/bon-estiu-coral-2021\/\" title=\"Read Bon estiu &#8211; Coral 2021\">Llegeix m\u00e9s\u00bb<\/a><\/p>\n","protected":false},"author":4,"featured_media":0,"comment_status":"open","ping_status":"closed","sticky":false,"template":"","format":"standard","meta":{"_bbp_topic_count":0,"_bbp_reply_count":0,"_bbp_total_topic_count":0,"_bbp_total_reply_count":0,"_bbp_voice_count":0,"_bbp_anonymous_reply_count":0,"_bbp_topic_count_hidden":0,"_bbp_reply_count_hidden":0,"_bbp_forum_subforum_count":0,"footnotes":""},"categories":[92,74,79,80,91,65,1,81,4],"tags":[198,199,131,128,125,132,129,130,200,134,135,133,136,127,124,137,126,119],"class_list":["post-7146","post","type-post","status-publish","format-standard","hentry","category-activitats-al-centre","category-cicle-inicial","category-cicle-mitja","category-cicle-superior","category-ed-primaria","category-fem-coral","category-general","category-musica","category-portada","tag-coral","tag-creatius","tag-equitat","tag-escola","tag-escolamisericordiadereus","tag-escolapublicareus","tag-escoles","tag-escolespubliques","tag-estiu","tag-inclusiva","tag-innovadora","tag-publica","tag-qualitat","tag-reus","tag-viulapublica","tag-vivadiversaipublica","tag-xarxaescolespubliquesreus","tag-educacio"],"post_mailing_queue_ids":[],"_links":{"self":[{"href":"https:\/\/agora.xtec.cat\/ceipmisericordia-reus\/wp-json\/wp\/v2\/posts\/7146","targetHints":{"allow":["GET"]}}],"collection":[{"href":"https:\/\/agora.xtec.cat\/ceipmisericordia-reus\/wp-json\/wp\/v2\/posts"}],"about":[{"href":"https:\/\/agora.xtec.cat\/ceipmisericordia-reus\/wp-json\/wp\/v2\/types\/post"}],"author":[{"embeddable":true,"href":"https:\/\/agora.xtec.cat\/ceipmisericordia-reus\/wp-json\/wp\/v2\/users\/4"}],"replies":[{"embeddable":true,"href":"https:\/\/agora.xtec.cat\/ceipmisericordia-reus\/wp-json\/wp\/v2\/comments?post=7146"}],"version-history":[{"count":2,"href":"https:\/\/agora.xtec.cat\/ceipmisericordia-reus\/wp-json\/wp\/v2\/posts\/7146\/revisions"}],"predecessor-version":[{"id":7148,"href":"https:\/\/agora.xtec.cat\/ceipmisericordia-reus\/wp-json\/wp\/v2\/posts\/7146\/revisions\/7148"}],"wp:attachment":[{"href":"https:\/\/agora.xtec.cat\/ceipmisericordia-reus\/wp-json\/wp\/v2\/media?parent=7146"}],"wp:term":[{"taxonomy":"category","embeddable":true,"href":"https:\/\/agora.xtec.cat\/ceipmisericordia-reus\/wp-json\/wp\/v2\/categories?post=7146"},{"taxonomy":"post_tag","embeddable":true,"href":"https:\/\/agora.xtec.cat\/ceipmisericordia-reus\/wp-json\/wp\/v2\/tags?post=7146"}],"curies":[{"name":"wp","href":"https:\/\/api.w.org\/{rel}","templated":true}]}}