{"id":7121,"date":"2021-06-07T18:16:45","date_gmt":"2021-06-07T16:16:45","guid":{"rendered":"https:\/\/agora.xtec.cat\/ceipmisericordia-reus\/?p=7121"},"modified":"2021-06-07T20:07:23","modified_gmt":"2021-06-07T18:07:23","slug":"toquem-un-ou-de-tauro","status":"publish","type":"post","link":"https:\/\/agora.xtec.cat\/ceipmisericordia-reus\/general\/toquem-un-ou-de-tauro\/","title":{"rendered":"Toquem un ou de taur\u00f3!"},"content":{"rendered":"<p>Aquest trimestre, els nens i nenes de P5 hem fet el projecte dels taurons, on hem descobert coses molt interessants!<\/p>\n<p>Coses com ara que els taurons ja neixen amb dents, que poden viure als rius, que quan els cau una dent els en surt una altra de seguida, que no tenen pulmons i respiren per les br\u00e0nquies, que el taur\u00f3 m\u00e9s petit del m\u00f3n \u00e9s el Pigmeu i el m\u00e9s gran el Balena&#8230;\u00a0Ens hem convertit en tots uns experts!<\/p>\n<p style=\"font-family: 'Helvetica Neue', Helvetica, Helvetica, Arial, sans-serif; font-size: 16px;\"><img loading=\"lazy\" decoding=\"async\" class=\"wp-image-7129 alignright\" src=\"https:\/\/agora.xtec.cat\/ceipmisericordia-reus\/wp-content\/uploads\/usu2066\/2021\/06\/depositphotos_9339645-stock-photo-skate-egg-case-on-a.jpg\" alt=\"\" width=\"188\" height=\"125\" srcset=\"https:\/\/agora.xtec.cat\/ceipmisericordia-reus\/wp-content\/uploads\/usu2066\/2021\/06\/depositphotos_9339645-stock-photo-skate-egg-case-on-a.jpg 600w, https:\/\/agora.xtec.cat\/ceipmisericordia-reus\/wp-content\/uploads\/usu2066\/2021\/06\/depositphotos_9339645-stock-photo-skate-egg-case-on-a-300x200.jpg 300w\" sizes=\"auto, (max-width: 188px) 100vw, 188px\" \/><\/p>\n<p>Per\u00f2 avui, hem descobert la \u00faltima pregunta: Com neixen els taurons?<\/p>\n<p>Per descobrir-ho, hem tingut una sorpresa i hem pogut veure i tocar un ou de taur\u00f3 de veritat!<\/p>\n<p><span style=\"font-family: inherit; font-size: 1em;\">Mireu, mireu&#8230;<\/span><\/p>\n<p><a href=\"https:\/\/agora.xtec.cat\/ceipmisericordia-reus\/wp-content\/uploads\/usu2066\/2021\/06\/WhatsApp-Image-2021-06-07-at-09.16.11-1.jpeg\"><img loading=\"lazy\" decoding=\"async\" class=\"size-medium wp-image-7123 alignleft\" src=\"https:\/\/agora.xtec.cat\/ceipmisericordia-reus\/wp-content\/uploads\/usu2066\/2021\/06\/WhatsApp-Image-2021-06-07-at-09.16.11-1-225x300.jpeg\" alt=\"\" width=\"225\" height=\"300\" srcset=\"https:\/\/agora.xtec.cat\/ceipmisericordia-reus\/wp-content\/uploads\/usu2066\/2021\/06\/WhatsApp-Image-2021-06-07-at-09.16.11-1-225x300.jpeg 225w, https:\/\/agora.xtec.cat\/ceipmisericordia-reus\/wp-content\/uploads\/usu2066\/2021\/06\/WhatsApp-Image-2021-06-07-at-09.16.11-1-768x1024.jpeg 768w, https:\/\/agora.xtec.cat\/ceipmisericordia-reus\/wp-content\/uploads\/usu2066\/2021\/06\/WhatsApp-Image-2021-06-07-at-09.16.11-1.jpeg 1200w\" sizes=\"auto, (max-width: 225px) 100vw, 225px\" \/><\/a><a href=\"https:\/\/agora.xtec.cat\/ceipmisericordia-reus\/wp-content\/uploads\/usu2066\/2021\/06\/WhatsApp-Image-2021-06-07-at-09.16.10.jpeg\"><img loading=\"lazy\" decoding=\"async\" class=\"size-medium wp-image-7122 alignleft\" src=\"https:\/\/agora.xtec.cat\/ceipmisericordia-reus\/wp-content\/uploads\/usu2066\/2021\/06\/WhatsApp-Image-2021-06-07-at-09.16.10-225x300.jpeg\" alt=\"\" width=\"225\" height=\"300\" srcset=\"https:\/\/agora.xtec.cat\/ceipmisericordia-reus\/wp-content\/uploads\/usu2066\/2021\/06\/WhatsApp-Image-2021-06-07-at-09.16.10-225x300.jpeg 225w, https:\/\/agora.xtec.cat\/ceipmisericordia-reus\/wp-content\/uploads\/usu2066\/2021\/06\/WhatsApp-Image-2021-06-07-at-09.16.10-768x1024.jpeg 768w, https:\/\/agora.xtec.cat\/ceipmisericordia-reus\/wp-content\/uploads\/usu2066\/2021\/06\/WhatsApp-Image-2021-06-07-at-09.16.10.jpeg 1200w\" sizes=\"auto, (max-width: 225px) 100vw, 225px\" \/><\/a><a href=\"https:\/\/agora.xtec.cat\/ceipmisericordia-reus\/wp-content\/uploads\/usu2066\/2021\/06\/WhatsApp-Image-2021-06-07-at-09.16.11-2.jpeg\"><img loading=\"lazy\" decoding=\"async\" class=\"size-medium wp-image-7124 alignleft\" src=\"https:\/\/agora.xtec.cat\/ceipmisericordia-reus\/wp-content\/uploads\/usu2066\/2021\/06\/WhatsApp-Image-2021-06-07-at-09.16.11-2-225x300.jpeg\" alt=\"\" width=\"225\" height=\"300\" srcset=\"https:\/\/agora.xtec.cat\/ceipmisericordia-reus\/wp-content\/uploads\/usu2066\/2021\/06\/WhatsApp-Image-2021-06-07-at-09.16.11-2-225x300.jpeg 225w, https:\/\/agora.xtec.cat\/ceipmisericordia-reus\/wp-content\/uploads\/usu2066\/2021\/06\/WhatsApp-Image-2021-06-07-at-09.16.11-2-768x1024.jpeg 768w, https:\/\/agora.xtec.cat\/ceipmisericordia-reus\/wp-content\/uploads\/usu2066\/2021\/06\/WhatsApp-Image-2021-06-07-at-09.16.11-2.jpeg 1200w\" sizes=\"auto, (max-width: 225px) 100vw, 225px\" \/><\/a><\/p>\n<p>&nbsp;<\/p>\n<p><a href=\"https:\/\/agora.xtec.cat\/ceipmisericordia-reus\/wp-content\/uploads\/usu2066\/2021\/06\/WhatsApp-Image-2021-06-07-at-09.16.11-3.jpeg\"><img loading=\"lazy\" decoding=\"async\" class=\"size-medium wp-image-7125 alignleft\" src=\"https:\/\/agora.xtec.cat\/ceipmisericordia-reus\/wp-content\/uploads\/usu2066\/2021\/06\/WhatsApp-Image-2021-06-07-at-09.16.11-3-225x300.jpeg\" alt=\"\" width=\"225\" height=\"300\" srcset=\"https:\/\/agora.xtec.cat\/ceipmisericordia-reus\/wp-content\/uploads\/usu2066\/2021\/06\/WhatsApp-Image-2021-06-07-at-09.16.11-3-225x300.jpeg 225w, https:\/\/agora.xtec.cat\/ceipmisericordia-reus\/wp-content\/uploads\/usu2066\/2021\/06\/WhatsApp-Image-2021-06-07-at-09.16.11-3-768x1024.jpeg 768w, https:\/\/agora.xtec.cat\/ceipmisericordia-reus\/wp-content\/uploads\/usu2066\/2021\/06\/WhatsApp-Image-2021-06-07-at-09.16.11-3.jpeg 1200w\" sizes=\"auto, (max-width: 225px) 100vw, 225px\" \/><\/a><a href=\"https:\/\/agora.xtec.cat\/ceipmisericordia-reus\/wp-content\/uploads\/usu2066\/2021\/06\/WhatsApp-Image-2021-06-07-at-09.16.11.jpeg\"><img loading=\"lazy\" decoding=\"async\" class=\"size-medium wp-image-7126 alignleft\" src=\"https:\/\/agora.xtec.cat\/ceipmisericordia-reus\/wp-content\/uploads\/usu2066\/2021\/06\/WhatsApp-Image-2021-06-07-at-09.16.11-225x300.jpeg\" alt=\"\" width=\"225\" height=\"300\" srcset=\"https:\/\/agora.xtec.cat\/ceipmisericordia-reus\/wp-content\/uploads\/usu2066\/2021\/06\/WhatsApp-Image-2021-06-07-at-09.16.11-225x300.jpeg 225w, https:\/\/agora.xtec.cat\/ceipmisericordia-reus\/wp-content\/uploads\/usu2066\/2021\/06\/WhatsApp-Image-2021-06-07-at-09.16.11-768x1024.jpeg 768w, https:\/\/agora.xtec.cat\/ceipmisericordia-reus\/wp-content\/uploads\/usu2066\/2021\/06\/WhatsApp-Image-2021-06-07-at-09.16.11.jpeg 1200w\" sizes=\"auto, (max-width: 225px) 100vw, 225px\" \/><\/a><a href=\"https:\/\/agora.xtec.cat\/ceipmisericordia-reus\/wp-content\/uploads\/usu2066\/2021\/06\/WhatsApp-Image-2021-06-07-at-09.16.12-1.jpeg\"><img loading=\"lazy\" decoding=\"async\" class=\"size-medium wp-image-7127 alignleft\" src=\"https:\/\/agora.xtec.cat\/ceipmisericordia-reus\/wp-content\/uploads\/usu2066\/2021\/06\/WhatsApp-Image-2021-06-07-at-09.16.12-1-225x300.jpeg\" alt=\"\" width=\"225\" height=\"300\" srcset=\"https:\/\/agora.xtec.cat\/ceipmisericordia-reus\/wp-content\/uploads\/usu2066\/2021\/06\/WhatsApp-Image-2021-06-07-at-09.16.12-1-225x300.jpeg 225w, https:\/\/agora.xtec.cat\/ceipmisericordia-reus\/wp-content\/uploads\/usu2066\/2021\/06\/WhatsApp-Image-2021-06-07-at-09.16.12-1-768x1024.jpeg 768w, https:\/\/agora.xtec.cat\/ceipmisericordia-reus\/wp-content\/uploads\/usu2066\/2021\/06\/WhatsApp-Image-2021-06-07-at-09.16.12-1.jpeg 1200w\" sizes=\"auto, (max-width: 225px) 100vw, 225px\" \/><\/a><a href=\"https:\/\/agora.xtec.cat\/ceipmisericordia-reus\/wp-content\/uploads\/usu2066\/2021\/06\/WhatsApp-Image-2021-06-07-at-09.16.12.jpeg\"><img loading=\"lazy\" decoding=\"async\" class=\"size-medium wp-image-7128 alignleft\" src=\"https:\/\/agora.xtec.cat\/ceipmisericordia-reus\/wp-content\/uploads\/usu2066\/2021\/06\/WhatsApp-Image-2021-06-07-at-09.16.12-225x300.jpeg\" alt=\"\" width=\"225\" height=\"300\" srcset=\"https:\/\/agora.xtec.cat\/ceipmisericordia-reus\/wp-content\/uploads\/usu2066\/2021\/06\/WhatsApp-Image-2021-06-07-at-09.16.12-225x300.jpeg 225w, https:\/\/agora.xtec.cat\/ceipmisericordia-reus\/wp-content\/uploads\/usu2066\/2021\/06\/WhatsApp-Image-2021-06-07-at-09.16.12-768x1024.jpeg 768w, https:\/\/agora.xtec.cat\/ceipmisericordia-reus\/wp-content\/uploads\/usu2066\/2021\/06\/WhatsApp-Image-2021-06-07-at-09.16.12.jpeg 1200w\" sizes=\"auto, (max-width: 225px) 100vw, 225px\" \/><\/a><\/p>\n<p>&nbsp;<\/p>\n","protected":false},"excerpt":{"rendered":"<p>Aquest trimestre, els nens i nenes de P5 hem fet el projecte dels taurons, on hem descobert coses molt interessants!<br \/>\nCoses com ara que els taurons ja neixen amb dents, que poden viure als rius, que quan els cau una dent els en surt una altra&hellip;  <a href=\"https:\/\/agora.xtec.cat\/ceipmisericordia-reus\/general\/toquem-un-ou-de-tauro\/\" title=\"Read Toquem un ou de taur\u00f3!\">Llegeix m\u00e9s\u00bb<\/a><\/p>\n","protected":false},"author":4,"featured_media":0,"comment_status":"open","ping_status":"closed","sticky":false,"template":"","format":"standard","meta":{"_bbp_topic_count":0,"_bbp_reply_count":0,"_bbp_total_topic_count":0,"_bbp_total_reply_count":0,"_bbp_voice_count":0,"_bbp_anonymous_reply_count":0,"_bbp_topic_count_hidden":0,"_bbp_reply_count_hidden":0,"_bbp_forum_subforum_count":0,"footnotes":""},"categories":[90,1,2,9,4],"tags":[],"class_list":["post-7121","post","type-post","status-publish","format-standard","hentry","category-ed-infantil","category-general","category-infantil","category-p5","category-portada"],"post_mailing_queue_ids":[],"_links":{"self":[{"href":"https:\/\/agora.xtec.cat\/ceipmisericordia-reus\/wp-json\/wp\/v2\/posts\/7121","targetHints":{"allow":["GET"]}}],"collection":[{"href":"https:\/\/agora.xtec.cat\/ceipmisericordia-reus\/wp-json\/wp\/v2\/posts"}],"about":[{"href":"https:\/\/agora.xtec.cat\/ceipmisericordia-reus\/wp-json\/wp\/v2\/types\/post"}],"author":[{"embeddable":true,"href":"https:\/\/agora.xtec.cat\/ceipmisericordia-reus\/wp-json\/wp\/v2\/users\/4"}],"replies":[{"embeddable":true,"href":"https:\/\/agora.xtec.cat\/ceipmisericordia-reus\/wp-json\/wp\/v2\/comments?post=7121"}],"version-history":[{"count":3,"href":"https:\/\/agora.xtec.cat\/ceipmisericordia-reus\/wp-json\/wp\/v2\/posts\/7121\/revisions"}],"predecessor-version":[{"id":7133,"href":"https:\/\/agora.xtec.cat\/ceipmisericordia-reus\/wp-json\/wp\/v2\/posts\/7121\/revisions\/7133"}],"wp:attachment":[{"href":"https:\/\/agora.xtec.cat\/ceipmisericordia-reus\/wp-json\/wp\/v2\/media?parent=7121"}],"wp:term":[{"taxonomy":"category","embeddable":true,"href":"https:\/\/agora.xtec.cat\/ceipmisericordia-reus\/wp-json\/wp\/v2\/categories?post=7121"},{"taxonomy":"post_tag","embeddable":true,"href":"https:\/\/agora.xtec.cat\/ceipmisericordia-reus\/wp-json\/wp\/v2\/tags?post=7121"}],"curies":[{"name":"wp","href":"https:\/\/api.w.org\/{rel}","templated":true}]}}