{"id":7057,"date":"2021-05-28T13:52:20","date_gmt":"2021-05-28T11:52:20","guid":{"rendered":"https:\/\/agora.xtec.cat\/ceipmisericordia-reus\/?p=7057"},"modified":"2021-05-28T13:52:20","modified_gmt":"2021-05-28T11:52:20","slug":"vii-cursa-misericordia","status":"publish","type":"post","link":"https:\/\/agora.xtec.cat\/ceipmisericordia-reus\/general\/vii-cursa-misericordia\/","title":{"rendered":"VII CURSA MISERIC\u00d2RDIA."},"content":{"rendered":"<p>Aquest dimecres 26 de maig vam celebrar la VII cursa Miseric\u00f2rdia. Aquest any ens hem adaptat a les noves circumst\u00e0ncies i l&#8217;hem realitzat dins el recinte escolar. Donem les gr\u00e0cies a les entitats col\u00b7laboradores que han fet d&#8217;aquest acte, un dia m\u00e9s agradable i divertit.<\/p>\n<p><iframe loading=\"lazy\" title=\"VII Cursa Miseric\u00f2rdia.\" width=\"500\" height=\"281\" src=\"https:\/\/www.youtube.com\/embed\/hssReQJynVs?feature=oembed\" frameborder=\"0\" allow=\"accelerometer; autoplay; clipboard-write; encrypted-media; gyroscope; picture-in-picture; web-share\" referrerpolicy=\"strict-origin-when-cross-origin\" allowfullscreen><\/iframe><\/p>\n","protected":false},"excerpt":{"rendered":"<p>Aquest dimecres 26 de maig vam celebrar la VII cursa Miseric\u00f2rdia. Aquest any ens hem adaptat a les noves circumst\u00e0ncies i l&#8217;hem realitzat dins el recinte escolar. Donem les gr\u00e0cies a les entitats col\u00b7laboradores que han fet d&#8217;aquest acte, un dia m\u00e9s agradable i divertit.<\/p>\n","protected":false},"author":4,"featured_media":7058,"comment_status":"open","ping_status":"closed","sticky":false,"template":"","format":"standard","meta":{"_bbp_topic_count":0,"_bbp_reply_count":0,"_bbp_total_topic_count":0,"_bbp_total_reply_count":0,"_bbp_voice_count":0,"_bbp_anonymous_reply_count":0,"_bbp_topic_count_hidden":0,"_bbp_reply_count_hidden":0,"_bbp_forum_subforum_count":0,"footnotes":""},"categories":[1,2,4,5],"tags":[125,132,130,134,135,124],"class_list":["post-7057","post","type-post","status-publish","format-standard","has-post-thumbnail","hentry","category-general","category-infantil","category-portada","category-primaria","tag-escolamisericordiadereus","tag-escolapublicareus","tag-escolespubliques","tag-inclusiva","tag-innovadora","tag-viulapublica"],"post_mailing_queue_ids":[],"_links":{"self":[{"href":"https:\/\/agora.xtec.cat\/ceipmisericordia-reus\/wp-json\/wp\/v2\/posts\/7057","targetHints":{"allow":["GET"]}}],"collection":[{"href":"https:\/\/agora.xtec.cat\/ceipmisericordia-reus\/wp-json\/wp\/v2\/posts"}],"about":[{"href":"https:\/\/agora.xtec.cat\/ceipmisericordia-reus\/wp-json\/wp\/v2\/types\/post"}],"author":[{"embeddable":true,"href":"https:\/\/agora.xtec.cat\/ceipmisericordia-reus\/wp-json\/wp\/v2\/users\/4"}],"replies":[{"embeddable":true,"href":"https:\/\/agora.xtec.cat\/ceipmisericordia-reus\/wp-json\/wp\/v2\/comments?post=7057"}],"version-history":[{"count":1,"href":"https:\/\/agora.xtec.cat\/ceipmisericordia-reus\/wp-json\/wp\/v2\/posts\/7057\/revisions"}],"predecessor-version":[{"id":7059,"href":"https:\/\/agora.xtec.cat\/ceipmisericordia-reus\/wp-json\/wp\/v2\/posts\/7057\/revisions\/7059"}],"wp:featuredmedia":[{"embeddable":true,"href":"https:\/\/agora.xtec.cat\/ceipmisericordia-reus\/wp-json\/wp\/v2\/media\/7058"}],"wp:attachment":[{"href":"https:\/\/agora.xtec.cat\/ceipmisericordia-reus\/wp-json\/wp\/v2\/media?parent=7057"}],"wp:term":[{"taxonomy":"category","embeddable":true,"href":"https:\/\/agora.xtec.cat\/ceipmisericordia-reus\/wp-json\/wp\/v2\/categories?post=7057"},{"taxonomy":"post_tag","embeddable":true,"href":"https:\/\/agora.xtec.cat\/ceipmisericordia-reus\/wp-json\/wp\/v2\/tags?post=7057"}],"curies":[{"name":"wp","href":"https:\/\/api.w.org\/{rel}","templated":true}]}}