{"id":7048,"date":"2021-05-25T19:44:12","date_gmt":"2021-05-25T17:44:12","guid":{"rendered":"https:\/\/agora.xtec.cat\/ceipmisericordia-reus\/?p=7048"},"modified":"2021-05-25T19:44:12","modified_gmt":"2021-05-25T17:44:12","slug":"nosaltres-som-infants-ciutadans","status":"publish","type":"post","link":"https:\/\/agora.xtec.cat\/ceipmisericordia-reus\/general\/nosaltres-som-infants-ciutadans\/","title":{"rendered":"NOSALTRES SOM INFANTS CIUTADANS"},"content":{"rendered":"<p>Avui el regidor de Cultura i Pol\u00edtica Ling\u00fc\u00edstica i Educaci\u00f3 i la regidora de Participaci\u00f3, Ciutadania i Transpar\u00e8ncia han vingut a escoltar les nostres propostes sobre com millorar la participaci\u00f3 en els centres c\u00edvics. Ha sigut molt interessant! <a class=\"oajrlxb2 g5ia77u1 qu0x051f esr5mh6w e9989ue4 r7d6kgcz rq0escxv nhd2j8a9 nc684nl6 p7hjln8o kvgmc6g5 cxmmr5t8 oygrvhab hcukyx3x jb3vyjys rz4wbd8a qt6c0cv9 a8nywdso i1ao9s8h esuyzwwr f1sip0of lzcic4wl q66pz984 gpro0wi8 b1v8xokw\" tabindex=\"0\" role=\"link\" href=\"https:\/\/www.facebook.com\/hashtag\/escolamisericordiadereus?__eep__=6&amp;__cft__[0]=AZX88b7hU_dmsG3-GL9UiFwuxFGOQt0EPeESAiOA-olK7GpUHLNVoOzrsqsZarYfTlILULxr77iIpFw86oDWvd17KN_GIJ8vEyiopPZ7zMGJjKcQr2v_I90w99t8JP4JL00&amp;__tn__=*NK-R\">#escolamisericordiadereus<\/a> <a class=\"oajrlxb2 g5ia77u1 qu0x051f esr5mh6w e9989ue4 r7d6kgcz rq0escxv nhd2j8a9 nc684nl6 p7hjln8o kvgmc6g5 cxmmr5t8 oygrvhab hcukyx3x jb3vyjys rz4wbd8a qt6c0cv9 a8nywdso i1ao9s8h esuyzwwr f1sip0of lzcic4wl q66pz984 gpro0wi8 b1v8xokw\" tabindex=\"0\" role=\"link\" href=\"https:\/\/www.facebook.com\/hashtag\/infantsciutadans?__eep__=6&amp;__cft__[0]=AZX88b7hU_dmsG3-GL9UiFwuxFGOQt0EPeESAiOA-olK7GpUHLNVoOzrsqsZarYfTlILULxr77iIpFw86oDWvd17KN_GIJ8vEyiopPZ7zMGJjKcQr2v_I90w99t8JP4JL00&amp;__tn__=*NK-R\">#infantsciutadans<\/a> @reus_cat<a href=\"https:\/\/agora.xtec.cat\/ceipmisericordia-reus\/wp-content\/uploads\/usu2066\/2021\/05\/0.png\"><img loading=\"lazy\" decoding=\"async\" class=\"aligncenter size-medium wp-image-7049\" src=\"https:\/\/agora.xtec.cat\/ceipmisericordia-reus\/wp-content\/uploads\/usu2066\/2021\/05\/0-300x145.png\" alt=\"\" width=\"300\" height=\"145\" srcset=\"https:\/\/agora.xtec.cat\/ceipmisericordia-reus\/wp-content\/uploads\/usu2066\/2021\/05\/0-300x145.png 300w, https:\/\/agora.xtec.cat\/ceipmisericordia-reus\/wp-content\/uploads\/usu2066\/2021\/05\/0.png 510w\" sizes=\"auto, (max-width: 300px) 100vw, 300px\" \/><\/a> <a href=\"https:\/\/agora.xtec.cat\/ceipmisericordia-reus\/wp-content\/uploads\/usu2066\/2021\/05\/Imatge1.png\"><img loading=\"lazy\" decoding=\"async\" class=\"aligncenter size-medium wp-image-7050\" src=\"https:\/\/agora.xtec.cat\/ceipmisericordia-reus\/wp-content\/uploads\/usu2066\/2021\/05\/Imatge1-300x171.png\" alt=\"\" width=\"300\" height=\"171\" srcset=\"https:\/\/agora.xtec.cat\/ceipmisericordia-reus\/wp-content\/uploads\/usu2066\/2021\/05\/Imatge1-300x171.png 300w, https:\/\/agora.xtec.cat\/ceipmisericordia-reus\/wp-content\/uploads\/usu2066\/2021\/05\/Imatge1.png 698w\" sizes=\"auto, (max-width: 300px) 100vw, 300px\" \/><\/a> <a href=\"https:\/\/agora.xtec.cat\/ceipmisericordia-reus\/wp-content\/uploads\/usu2066\/2021\/05\/Imatge3.png\"><img loading=\"lazy\" decoding=\"async\" class=\"aligncenter size-medium wp-image-7051\" src=\"https:\/\/agora.xtec.cat\/ceipmisericordia-reus\/wp-content\/uploads\/usu2066\/2021\/05\/Imatge3-300x169.png\" alt=\"\" width=\"300\" height=\"169\" srcset=\"https:\/\/agora.xtec.cat\/ceipmisericordia-reus\/wp-content\/uploads\/usu2066\/2021\/05\/Imatge3-300x169.png 300w, https:\/\/agora.xtec.cat\/ceipmisericordia-reus\/wp-content\/uploads\/usu2066\/2021\/05\/Imatge3.png 553w\" sizes=\"auto, (max-width: 300px) 100vw, 300px\" \/><\/a><\/p>\n","protected":false},"excerpt":{"rendered":"<p>Avui el regidor de Cultura i Pol\u00edtica Ling\u00fc\u00edstica i Educaci\u00f3 i la regidora de Participaci\u00f3, Ciutadania i Transpar\u00e8ncia han vingut a escoltar les nostres propostes sobre com millorar la participaci\u00f3 en els centres c\u00edvics. Ha sigut molt interessant! <a class=\"oajrlxb2 g5ia77u1 qu0x051f esr5mh6w e9989ue4 r7d6kgcz&hellip;  <a href=\"https:\/\/agora.xtec.cat\/ceipmisericordia-reus\/general\/nosaltres-som-infants-ciutadans\/\" title=\"Read NOSALTRES SOM INFANTS CIUTADANS\">Llegeix m\u00e9s\u00bb<\/a><\/p>\n","protected":false},"author":4,"featured_media":0,"comment_status":"open","ping_status":"closed","sticky":false,"template":"","format":"standard","meta":{"_bbp_topic_count":0,"_bbp_reply_count":0,"_bbp_total_topic_count":0,"_bbp_total_reply_count":0,"_bbp_voice_count":0,"_bbp_anonymous_reply_count":0,"_bbp_topic_count_hidden":0,"_bbp_reply_count_hidden":0,"_bbp_forum_subforum_count":0,"footnotes":""},"categories":[92,80,1,4],"tags":[],"class_list":["post-7048","post","type-post","status-publish","format-standard","hentry","category-activitats-al-centre","category-cicle-superior","category-general","category-portada"],"post_mailing_queue_ids":[],"_links":{"self":[{"href":"https:\/\/agora.xtec.cat\/ceipmisericordia-reus\/wp-json\/wp\/v2\/posts\/7048","targetHints":{"allow":["GET"]}}],"collection":[{"href":"https:\/\/agora.xtec.cat\/ceipmisericordia-reus\/wp-json\/wp\/v2\/posts"}],"about":[{"href":"https:\/\/agora.xtec.cat\/ceipmisericordia-reus\/wp-json\/wp\/v2\/types\/post"}],"author":[{"embeddable":true,"href":"https:\/\/agora.xtec.cat\/ceipmisericordia-reus\/wp-json\/wp\/v2\/users\/4"}],"replies":[{"embeddable":true,"href":"https:\/\/agora.xtec.cat\/ceipmisericordia-reus\/wp-json\/wp\/v2\/comments?post=7048"}],"version-history":[{"count":1,"href":"https:\/\/agora.xtec.cat\/ceipmisericordia-reus\/wp-json\/wp\/v2\/posts\/7048\/revisions"}],"predecessor-version":[{"id":7052,"href":"https:\/\/agora.xtec.cat\/ceipmisericordia-reus\/wp-json\/wp\/v2\/posts\/7048\/revisions\/7052"}],"wp:attachment":[{"href":"https:\/\/agora.xtec.cat\/ceipmisericordia-reus\/wp-json\/wp\/v2\/media?parent=7048"}],"wp:term":[{"taxonomy":"category","embeddable":true,"href":"https:\/\/agora.xtec.cat\/ceipmisericordia-reus\/wp-json\/wp\/v2\/categories?post=7048"},{"taxonomy":"post_tag","embeddable":true,"href":"https:\/\/agora.xtec.cat\/ceipmisericordia-reus\/wp-json\/wp\/v2\/tags?post=7048"}],"curies":[{"name":"wp","href":"https:\/\/api.w.org\/{rel}","templated":true}]}}