{"id":7045,"date":"2021-05-24T22:55:51","date_gmt":"2021-05-24T20:55:51","guid":{"rendered":"https:\/\/agora.xtec.cat\/ceipmisericordia-reus\/?p=7045"},"modified":"2021-05-24T22:55:51","modified_gmt":"2021-05-24T20:55:51","slug":"museu-our-artists","status":"publish","type":"post","link":"https:\/\/agora.xtec.cat\/ceipmisericordia-reus\/portada\/museu-our-artists\/","title":{"rendered":"Museu &#8211; Our Artists"},"content":{"rendered":"<p>Ens acostem al final del curs i tamb\u00e9 al final dels projectes.<\/p>\n<p>Us volem mostrar el resultat del nostre projecte OUR ARTIST que hem realitzat, dins del programa GEP (treball de la llengua anglesa en altres \u00e0rees) amb els alumnes de 6\u00e8.<\/p>\n<p>Dins de l&#8217;\u00e0mbit art\u00edstic hem fet un projecte sobre alguns dels nostres artistes locals m\u00e9s destacats. A m\u00e9s, aquest projecte ha estat un projecte Etwinning que hem fet de manera conjunta amb una escola d&#8217;Istambul.<\/p>\n<p>Us deixem l&#8217;enlla\u00e7 del nostre Museu Virtual:<\/p>\n<p><a href=\"https:\/\/sites.google.com\/xtec.cat\/our-artists\/p%C3%A0gina-principal\">https:\/\/sites.google.com\/xtec.cat\/our-artists\/p%C3%A0gina-principal<\/a><\/p>\n<p><iframe loading=\"lazy\" title=\"Museu - Our Artists\" width=\"500\" height=\"281\" src=\"https:\/\/www.youtube.com\/embed\/4cHpzclURys?feature=oembed\" frameborder=\"0\" allow=\"accelerometer; autoplay; clipboard-write; encrypted-media; gyroscope; picture-in-picture; web-share\" referrerpolicy=\"strict-origin-when-cross-origin\" allowfullscreen><\/iframe><\/p>\n","protected":false},"excerpt":{"rendered":"<p>Ens acostem al final del curs i tamb\u00e9 al final dels projectes.<br \/>\nUs volem mostrar el resultat del nostre projecte OUR ARTIST que hem realitzat, dins del programa GEP (treball de la llengua anglesa en altres \u00e0rees) amb els alumnes de 6\u00e8.<br \/>\nDins de l&#8217;\u00e0mbit art\u00edstic hem&hellip;  <a href=\"https:\/\/agora.xtec.cat\/ceipmisericordia-reus\/portada\/museu-our-artists\/\" title=\"Read Museu &#8211; Our Artists\">Llegeix m\u00e9s\u00bb<\/a><\/p>\n","protected":false},"author":4,"featured_media":0,"comment_status":"open","ping_status":"closed","sticky":false,"template":"","format":"standard","meta":{"_bbp_topic_count":0,"_bbp_reply_count":0,"_bbp_total_topic_count":0,"_bbp_total_reply_count":0,"_bbp_voice_count":0,"_bbp_anonymous_reply_count":0,"_bbp_topic_count_hidden":0,"_bbp_reply_count_hidden":0,"_bbp_forum_subforum_count":0,"footnotes":""},"categories":[15,80,66,4],"tags":[197,156,131,128,125,132,129,130,196,142,134,135,133,136,127,124,137,126,119],"class_list":["post-7045","post","type-post","status-publish","format-standard","hentry","category-6e","category-cicle-superior","category-gep","category-portada","tag-art","tag-english","tag-equitat","tag-escola","tag-escolamisericordiadereus","tag-escolapublicareus","tag-escoles","tag-escolespubliques","tag-etwinning","tag-gep","tag-inclusiva","tag-innovadora","tag-publica","tag-qualitat","tag-reus","tag-viulapublica","tag-vivadiversaipublica","tag-xarxaescolespubliquesreus","tag-educacio"],"post_mailing_queue_ids":[],"_links":{"self":[{"href":"https:\/\/agora.xtec.cat\/ceipmisericordia-reus\/wp-json\/wp\/v2\/posts\/7045","targetHints":{"allow":["GET"]}}],"collection":[{"href":"https:\/\/agora.xtec.cat\/ceipmisericordia-reus\/wp-json\/wp\/v2\/posts"}],"about":[{"href":"https:\/\/agora.xtec.cat\/ceipmisericordia-reus\/wp-json\/wp\/v2\/types\/post"}],"author":[{"embeddable":true,"href":"https:\/\/agora.xtec.cat\/ceipmisericordia-reus\/wp-json\/wp\/v2\/users\/4"}],"replies":[{"embeddable":true,"href":"https:\/\/agora.xtec.cat\/ceipmisericordia-reus\/wp-json\/wp\/v2\/comments?post=7045"}],"version-history":[{"count":1,"href":"https:\/\/agora.xtec.cat\/ceipmisericordia-reus\/wp-json\/wp\/v2\/posts\/7045\/revisions"}],"predecessor-version":[{"id":7046,"href":"https:\/\/agora.xtec.cat\/ceipmisericordia-reus\/wp-json\/wp\/v2\/posts\/7045\/revisions\/7046"}],"wp:attachment":[{"href":"https:\/\/agora.xtec.cat\/ceipmisericordia-reus\/wp-json\/wp\/v2\/media?parent=7045"}],"wp:term":[{"taxonomy":"category","embeddable":true,"href":"https:\/\/agora.xtec.cat\/ceipmisericordia-reus\/wp-json\/wp\/v2\/categories?post=7045"},{"taxonomy":"post_tag","embeddable":true,"href":"https:\/\/agora.xtec.cat\/ceipmisericordia-reus\/wp-json\/wp\/v2\/tags?post=7045"}],"curies":[{"name":"wp","href":"https:\/\/api.w.org\/{rel}","templated":true}]}}