{"id":6907,"date":"2021-04-28T22:39:18","date_gmt":"2021-04-28T20:39:18","guid":{"rendered":"https:\/\/agora.xtec.cat\/ceipmisericordia-reus\/?p=6907"},"modified":"2021-05-05T18:21:41","modified_gmt":"2021-05-05T16:21:41","slug":"vivim-lart","status":"publish","type":"post","link":"https:\/\/agora.xtec.cat\/ceipmisericordia-reus\/general\/vivim-lart\/","title":{"rendered":"Vivim l&#8217;art!"},"content":{"rendered":"<p>A P5 avui hem deixat sortir a l\u2019artista que portem a dins!<\/p>\n<p>Aprofitant l\u2019arribada de la primavera, hem descobert dues t\u00e8cniques diferents: el puntillisme i la monot\u00edpia.<br \/>\n<img loading=\"lazy\" decoding=\"async\" class=\"wp-image-6909 alignright\" src=\"https:\/\/agora.xtec.cat\/ceipmisericordia-reus\/wp-content\/uploads\/usu2066\/2021\/04\/WhatsApp-Image-2021-04-28-at-22.28.46-300x292.jpeg\" alt=\"\" width=\"336\" height=\"327\" srcset=\"https:\/\/agora.xtec.cat\/ceipmisericordia-reus\/wp-content\/uploads\/usu2066\/2021\/04\/WhatsApp-Image-2021-04-28-at-22.28.46-300x292.jpeg 300w, https:\/\/agora.xtec.cat\/ceipmisericordia-reus\/wp-content\/uploads\/usu2066\/2021\/04\/WhatsApp-Image-2021-04-28-at-22.28.46-768x746.jpeg 768w, https:\/\/agora.xtec.cat\/ceipmisericordia-reus\/wp-content\/uploads\/usu2066\/2021\/04\/WhatsApp-Image-2021-04-28-at-22.28.46-1024x995.jpeg 1024w, https:\/\/agora.xtec.cat\/ceipmisericordia-reus\/wp-content\/uploads\/usu2066\/2021\/04\/WhatsApp-Image-2021-04-28-at-22.28.46.jpeg 2048w\" sizes=\"auto, (max-width: 336px) 100vw, 336px\" \/>Per treballar la primera t\u00e8cnica, hem fet a llapis un dibuix d\u2019un paisatge de la primavera i li hem donat color seguint la t\u00e8cnica del puntillisme, com si f\u00f3ssim Georges-Pierre Seurat; mentre escolt\u00e0vem \u201cEl vals de les flors\u201d de Txaikovski.<\/p>\n<p>Tot seguit, aprofitant les emocions que se\u2019ns han despertat escoltant el vals, hem fet alliberament emocional a trav\u00e9s de la pintura, pintant a sobre les taules!<\/p>\n<p><a href=\"https:\/\/agora.xtec.cat\/ceipmisericordia-reus\/wp-content\/uploads\/usu2066\/2021\/04\/WhatsApp-Image-2021-04-28-at-22.28.34.jpeg\"><img loading=\"lazy\" decoding=\"async\" class=\"size-medium wp-image-6908 alignleft\" src=\"https:\/\/agora.xtec.cat\/ceipmisericordia-reus\/wp-content\/uploads\/usu2066\/2021\/04\/WhatsApp-Image-2021-04-28-at-22.28.34-258x300.jpeg\" alt=\"\" width=\"258\" height=\"300\" srcset=\"https:\/\/agora.xtec.cat\/ceipmisericordia-reus\/wp-content\/uploads\/usu2066\/2021\/04\/WhatsApp-Image-2021-04-28-at-22.28.34-258x300.jpeg 258w, https:\/\/agora.xtec.cat\/ceipmisericordia-reus\/wp-content\/uploads\/usu2066\/2021\/04\/WhatsApp-Image-2021-04-28-at-22.28.34-768x893.jpeg 768w, https:\/\/agora.xtec.cat\/ceipmisericordia-reus\/wp-content\/uploads\/usu2066\/2021\/04\/WhatsApp-Image-2021-04-28-at-22.28.34-881x1024.jpeg 881w, https:\/\/agora.xtec.cat\/ceipmisericordia-reus\/wp-content\/uploads\/usu2066\/2021\/04\/WhatsApp-Image-2021-04-28-at-22.28.34.jpeg 1762w\" sizes=\"auto, (max-width: 258px) 100vw, 258px\" \/><\/a><\/p>\n<p>&nbsp;<\/p>\n<p>&nbsp;<\/p>\n<p>&nbsp;<\/p>\n<p>&nbsp;<\/p>\n<p>Aix\u00ed doncs, per tal de guardar les nostres creacions i emocions, hem utilitzat la monot\u00edpia. Aquesta t\u00e8cnica consisteix en estampar un foli al damunt de la nostra obra d\u2019art i obtenir una c\u00f2pia id\u00e8ntica i \u00fanica del nostre dibuix.<\/p>\n<p>&nbsp;<\/p>\n<p>&nbsp;<\/p>\n<p style=\"text-align: center;\">Ens ho hem passat molt b\u00e9!<\/p>\n","protected":false},"excerpt":{"rendered":"<p>A P5 avui hem deixat sortir a l\u2019artista que portem a dins!<br \/>\nAprofitant l\u2019arribada de la primavera, hem descobert dues t\u00e8cniques diferents: el puntillisme i la monot\u00edpia.<br \/>\nPer treballar la primera t\u00e8cnica, hem fet a llapis un dibuix d\u2019un paisatge de la primavera i li hem donat&hellip;  <a href=\"https:\/\/agora.xtec.cat\/ceipmisericordia-reus\/general\/vivim-lart\/\" title=\"Read Vivim l&#8217;art!\">Llegeix m\u00e9s\u00bb<\/a><\/p>\n","protected":false},"author":4,"featured_media":0,"comment_status":"open","ping_status":"closed","sticky":false,"template":"","format":"standard","meta":{"_bbp_topic_count":0,"_bbp_reply_count":0,"_bbp_total_topic_count":0,"_bbp_total_reply_count":0,"_bbp_voice_count":0,"_bbp_anonymous_reply_count":0,"_bbp_topic_count_hidden":0,"_bbp_reply_count_hidden":0,"_bbp_forum_subforum_count":0,"footnotes":""},"categories":[90,1,9,4],"tags":[],"class_list":["post-6907","post","type-post","status-publish","format-standard","hentry","category-ed-infantil","category-general","category-p5","category-portada"],"post_mailing_queue_ids":[],"_links":{"self":[{"href":"https:\/\/agora.xtec.cat\/ceipmisericordia-reus\/wp-json\/wp\/v2\/posts\/6907","targetHints":{"allow":["GET"]}}],"collection":[{"href":"https:\/\/agora.xtec.cat\/ceipmisericordia-reus\/wp-json\/wp\/v2\/posts"}],"about":[{"href":"https:\/\/agora.xtec.cat\/ceipmisericordia-reus\/wp-json\/wp\/v2\/types\/post"}],"author":[{"embeddable":true,"href":"https:\/\/agora.xtec.cat\/ceipmisericordia-reus\/wp-json\/wp\/v2\/users\/4"}],"replies":[{"embeddable":true,"href":"https:\/\/agora.xtec.cat\/ceipmisericordia-reus\/wp-json\/wp\/v2\/comments?post=6907"}],"version-history":[{"count":3,"href":"https:\/\/agora.xtec.cat\/ceipmisericordia-reus\/wp-json\/wp\/v2\/posts\/6907\/revisions"}],"predecessor-version":[{"id":6912,"href":"https:\/\/agora.xtec.cat\/ceipmisericordia-reus\/wp-json\/wp\/v2\/posts\/6907\/revisions\/6912"}],"wp:attachment":[{"href":"https:\/\/agora.xtec.cat\/ceipmisericordia-reus\/wp-json\/wp\/v2\/media?parent=6907"}],"wp:term":[{"taxonomy":"category","embeddable":true,"href":"https:\/\/agora.xtec.cat\/ceipmisericordia-reus\/wp-json\/wp\/v2\/categories?post=6907"},{"taxonomy":"post_tag","embeddable":true,"href":"https:\/\/agora.xtec.cat\/ceipmisericordia-reus\/wp-json\/wp\/v2\/tags?post=6907"}],"curies":[{"name":"wp","href":"https:\/\/api.w.org\/{rel}","templated":true}]}}