{"id":6886,"date":"2021-04-23T11:28:29","date_gmt":"2021-04-23T09:28:29","guid":{"rendered":"https:\/\/agora.xtec.cat\/ceipmisericordia-reus\/?p=6886"},"modified":"2021-04-23T11:34:50","modified_gmt":"2021-04-23T09:34:50","slug":"sant-jordi-2021-mes-proper-aquest-curs","status":"publish","type":"post","link":"https:\/\/agora.xtec.cat\/ceipmisericordia-reus\/portada\/sant-jordi-2021-mes-proper-aquest-curs\/","title":{"rendered":"Sant Jordi 2021 m\u00e9s proper aquest curs"},"content":{"rendered":"<p>Des de la Comissi\u00f3 de Biblioteca us volem animar a seguir gaudint llegint.<\/p>\n<p>I per aix\u00f2 us presentem la nostra paradeta de llibres per aquest Sant Jordi tan especial. Especial? S\u00ed! Perqu\u00e8 el podem celebrar aquest any el 23 d&#8217;abril amb qui m\u00e9s estimem.<\/p>\n<p>La trobareu a l&#8217;entrada de l&#8217;edifici de prim\u00e0ria. Hi ha contes de dracs, princeses, roses i Sant Jordis ben diferents.<\/p>\n<p>Us desitgem que tingueu una gran Diada de Sant Jordi, ben envoltats de roses i llibres.<\/p>\n<p><a href=\"https:\/\/agora.xtec.cat\/ceipmisericordia-reus\/wp-content\/uploads\/usu2066\/2021\/04\/IMG-20210422-WA0001.jpg\"><img loading=\"lazy\" decoding=\"async\" class=\"aligncenter size-medium wp-image-6888\" src=\"https:\/\/agora.xtec.cat\/ceipmisericordia-reus\/wp-content\/uploads\/usu2066\/2021\/04\/IMG-20210422-WA0001-300x225.jpg\" alt=\"\" width=\"300\" height=\"225\" srcset=\"https:\/\/agora.xtec.cat\/ceipmisericordia-reus\/wp-content\/uploads\/usu2066\/2021\/04\/IMG-20210422-WA0001-300x225.jpg 300w, https:\/\/agora.xtec.cat\/ceipmisericordia-reus\/wp-content\/uploads\/usu2066\/2021\/04\/IMG-20210422-WA0001-768x576.jpg 768w, https:\/\/agora.xtec.cat\/ceipmisericordia-reus\/wp-content\/uploads\/usu2066\/2021\/04\/IMG-20210422-WA0001-1024x768.jpg 1024w, https:\/\/agora.xtec.cat\/ceipmisericordia-reus\/wp-content\/uploads\/usu2066\/2021\/04\/IMG-20210422-WA0001-200x150.jpg 200w, https:\/\/agora.xtec.cat\/ceipmisericordia-reus\/wp-content\/uploads\/usu2066\/2021\/04\/IMG-20210422-WA0001.jpg 1600w\" sizes=\"auto, (max-width: 300px) 100vw, 300px\" \/><\/a><a href=\"https:\/\/agora.xtec.cat\/ceipmisericordia-reus\/wp-content\/uploads\/usu2066\/2021\/04\/IMG-20210422-WA0000.jpg\"><img loading=\"lazy\" decoding=\"async\" class=\"aligncenter size-medium wp-image-6889\" src=\"https:\/\/agora.xtec.cat\/ceipmisericordia-reus\/wp-content\/uploads\/usu2066\/2021\/04\/IMG-20210422-WA0000-300x225.jpg\" alt=\"\" width=\"300\" height=\"225\" srcset=\"https:\/\/agora.xtec.cat\/ceipmisericordia-reus\/wp-content\/uploads\/usu2066\/2021\/04\/IMG-20210422-WA0000-300x225.jpg 300w, https:\/\/agora.xtec.cat\/ceipmisericordia-reus\/wp-content\/uploads\/usu2066\/2021\/04\/IMG-20210422-WA0000-768x576.jpg 768w, https:\/\/agora.xtec.cat\/ceipmisericordia-reus\/wp-content\/uploads\/usu2066\/2021\/04\/IMG-20210422-WA0000-1024x768.jpg 1024w, https:\/\/agora.xtec.cat\/ceipmisericordia-reus\/wp-content\/uploads\/usu2066\/2021\/04\/IMG-20210422-WA0000-200x150.jpg 200w, https:\/\/agora.xtec.cat\/ceipmisericordia-reus\/wp-content\/uploads\/usu2066\/2021\/04\/IMG-20210422-WA0000.jpg 1600w\" sizes=\"auto, (max-width: 300px) 100vw, 300px\" \/><\/a><\/p>\n<p>&nbsp;<\/p>\n<p>&nbsp;<\/p>\n","protected":false},"excerpt":{"rendered":"<p>Des de la Comissi\u00f3 de Biblioteca us volem animar a seguir gaudint llegint.<br \/>\nI per aix\u00f2 us presentem la nostra paradeta de llibres per aquest Sant Jordi tan especial. Especial? S\u00ed! Perqu\u00e8 el podem celebrar aquest any el 23 d&#8217;abril amb qui m\u00e9s estimem.<br \/>\nLa trobareu a&hellip;  <a href=\"https:\/\/agora.xtec.cat\/ceipmisericordia-reus\/portada\/sant-jordi-2021-mes-proper-aquest-curs\/\" title=\"Read Sant Jordi 2021 m\u00e9s proper aquest curs\">Llegeix m\u00e9s\u00bb<\/a><\/p>\n","protected":false},"author":4,"featured_media":0,"comment_status":"open","ping_status":"closed","sticky":false,"template":"","format":"standard","meta":{"_bbp_topic_count":0,"_bbp_reply_count":0,"_bbp_total_topic_count":0,"_bbp_total_reply_count":0,"_bbp_voice_count":0,"_bbp_anonymous_reply_count":0,"_bbp_topic_count_hidden":0,"_bbp_reply_count_hidden":0,"_bbp_forum_subforum_count":0,"footnotes":""},"categories":[77,90,91,108,4,107],"tags":[189,188],"class_list":["post-6886","post","type-post","status-publish","format-standard","hentry","category-biblioteca","category-ed-infantil","category-ed-primaria","category-festes-i-tradicions-populars","category-portada","category-sant-jordi","tag-llibres","tag-sant-jordi"],"post_mailing_queue_ids":[],"_links":{"self":[{"href":"https:\/\/agora.xtec.cat\/ceipmisericordia-reus\/wp-json\/wp\/v2\/posts\/6886","targetHints":{"allow":["GET"]}}],"collection":[{"href":"https:\/\/agora.xtec.cat\/ceipmisericordia-reus\/wp-json\/wp\/v2\/posts"}],"about":[{"href":"https:\/\/agora.xtec.cat\/ceipmisericordia-reus\/wp-json\/wp\/v2\/types\/post"}],"author":[{"embeddable":true,"href":"https:\/\/agora.xtec.cat\/ceipmisericordia-reus\/wp-json\/wp\/v2\/users\/4"}],"replies":[{"embeddable":true,"href":"https:\/\/agora.xtec.cat\/ceipmisericordia-reus\/wp-json\/wp\/v2\/comments?post=6886"}],"version-history":[{"count":3,"href":"https:\/\/agora.xtec.cat\/ceipmisericordia-reus\/wp-json\/wp\/v2\/posts\/6886\/revisions"}],"predecessor-version":[{"id":6891,"href":"https:\/\/agora.xtec.cat\/ceipmisericordia-reus\/wp-json\/wp\/v2\/posts\/6886\/revisions\/6891"}],"wp:attachment":[{"href":"https:\/\/agora.xtec.cat\/ceipmisericordia-reus\/wp-json\/wp\/v2\/media?parent=6886"}],"wp:term":[{"taxonomy":"category","embeddable":true,"href":"https:\/\/agora.xtec.cat\/ceipmisericordia-reus\/wp-json\/wp\/v2\/categories?post=6886"},{"taxonomy":"post_tag","embeddable":true,"href":"https:\/\/agora.xtec.cat\/ceipmisericordia-reus\/wp-json\/wp\/v2\/tags?post=6886"}],"curies":[{"name":"wp","href":"https:\/\/api.w.org\/{rel}","templated":true}]}}