{"id":6831,"date":"2021-04-15T21:21:03","date_gmt":"2021-04-15T19:21:03","guid":{"rendered":"https:\/\/agora.xtec.cat\/ceipmisericordia-reus\/?p=6831"},"modified":"2021-04-15T21:21:03","modified_gmt":"2021-04-15T19:21:03","slug":"la-canco-de-la-quinzena-de-txarango-a-la-deriva","status":"publish","type":"post","link":"https:\/\/agora.xtec.cat\/ceipmisericordia-reus\/general\/la-canco-de-la-quinzena-de-txarango-a-la-deriva\/","title":{"rendered":"La can\u00e7\u00f3 de la quinzena de Txarango: &#8220;A la deriva&#8221;."},"content":{"rendered":"<p>Aquesta quinzena us proposem una can\u00e7\u00f3 cantada en catal\u00e0 d&#8217;un grup anomenat Txarango. La can\u00e7\u00f3 del videoclip es diu &#8220;A la deriva&#8221;.<\/p>\n<p>Esperem que us agradi i gaudiu d&#8217;aquesta estona.<\/p>\n<p><iframe loading=\"lazy\" title=\"Txarango \u2013 A LA DERIVA (Videoclip Oficial)\" width=\"500\" height=\"281\" src=\"https:\/\/www.youtube.com\/embed\/XwBErAJX-Z0?feature=oembed\" frameborder=\"0\" allow=\"accelerometer; autoplay; clipboard-write; encrypted-media; gyroscope; picture-in-picture; web-share\" referrerpolicy=\"strict-origin-when-cross-origin\" allowfullscreen><\/iframe><\/p>\n","protected":false},"excerpt":{"rendered":"<p>Aquesta quinzena us proposem una can\u00e7\u00f3 cantada en catal\u00e0 d&#8217;un grup anomenat Txarango. La can\u00e7\u00f3 del videoclip es diu &#8220;A la deriva&#8221;.<br \/>\nEsperem que us agradi i gaudiu d&#8217;aquesta estona.<\/p>\n","protected":false},"author":4,"featured_media":6832,"comment_status":"open","ping_status":"closed","sticky":false,"template":"","format":"standard","meta":{"_bbp_topic_count":0,"_bbp_reply_count":0,"_bbp_total_topic_count":0,"_bbp_total_reply_count":0,"_bbp_voice_count":0,"_bbp_anonymous_reply_count":0,"_bbp_topic_count_hidden":0,"_bbp_reply_count_hidden":0,"_bbp_forum_subforum_count":0,"footnotes":""},"categories":[1,2,4,5],"tags":[125,132,143,137],"class_list":["post-6831","post","type-post","status-publish","format-standard","has-post-thumbnail","hentry","category-general","category-infantil","category-portada","category-primaria","tag-escolamisericordiadereus","tag-escolapublicareus","tag-plurilingue","tag-vivadiversaipublica"],"post_mailing_queue_ids":[],"_links":{"self":[{"href":"https:\/\/agora.xtec.cat\/ceipmisericordia-reus\/wp-json\/wp\/v2\/posts\/6831","targetHints":{"allow":["GET"]}}],"collection":[{"href":"https:\/\/agora.xtec.cat\/ceipmisericordia-reus\/wp-json\/wp\/v2\/posts"}],"about":[{"href":"https:\/\/agora.xtec.cat\/ceipmisericordia-reus\/wp-json\/wp\/v2\/types\/post"}],"author":[{"embeddable":true,"href":"https:\/\/agora.xtec.cat\/ceipmisericordia-reus\/wp-json\/wp\/v2\/users\/4"}],"replies":[{"embeddable":true,"href":"https:\/\/agora.xtec.cat\/ceipmisericordia-reus\/wp-json\/wp\/v2\/comments?post=6831"}],"version-history":[{"count":1,"href":"https:\/\/agora.xtec.cat\/ceipmisericordia-reus\/wp-json\/wp\/v2\/posts\/6831\/revisions"}],"predecessor-version":[{"id":6833,"href":"https:\/\/agora.xtec.cat\/ceipmisericordia-reus\/wp-json\/wp\/v2\/posts\/6831\/revisions\/6833"}],"wp:featuredmedia":[{"embeddable":true,"href":"https:\/\/agora.xtec.cat\/ceipmisericordia-reus\/wp-json\/wp\/v2\/media\/6832"}],"wp:attachment":[{"href":"https:\/\/agora.xtec.cat\/ceipmisericordia-reus\/wp-json\/wp\/v2\/media?parent=6831"}],"wp:term":[{"taxonomy":"category","embeddable":true,"href":"https:\/\/agora.xtec.cat\/ceipmisericordia-reus\/wp-json\/wp\/v2\/categories?post=6831"},{"taxonomy":"post_tag","embeddable":true,"href":"https:\/\/agora.xtec.cat\/ceipmisericordia-reus\/wp-json\/wp\/v2\/tags?post=6831"}],"curies":[{"name":"wp","href":"https:\/\/api.w.org\/{rel}","templated":true}]}}