{"id":6790,"date":"2021-03-26T16:34:07","date_gmt":"2021-03-26T15:34:07","guid":{"rendered":"https:\/\/agora.xtec.cat\/ceipmisericordia-reus\/?p=6790"},"modified":"2021-03-26T16:34:07","modified_gmt":"2021-03-26T15:34:07","slug":"pascua-2021","status":"publish","type":"post","link":"https:\/\/agora.xtec.cat\/ceipmisericordia-reus\/general\/pascua-2021\/","title":{"rendered":"Pascua 2021"},"content":{"rendered":"<div class=\"\" data-block=\"true\" data-editor=\"5rfvt\" data-offset-key=\"84doi-0-0\">\n<div class=\"_1mf _1mj\" data-offset-key=\"84doi-0-0\"><span data-offset-key=\"84doi-0-0\">Aquest any no hem pogut menjar la mona com f\u00e8iem habitualment, per\u00f2 no hem deixat de fer una gran celebraci\u00f3.<\/span><\/div>\n<\/div>\n<div class=\"\" data-block=\"true\" data-editor=\"5rfvt\" data-offset-key=\"968lv-0-0\">\n<div class=\"_1mf _1mj\" data-offset-key=\"968lv-0-0\"><span data-offset-key=\"968lv-0-0\">Durant el mat\u00ed hem realitzat una s\u00e8rie d\u2019activitats molt divertides.<\/span><\/div>\n<\/div>\n<div class=\"\" data-block=\"true\" data-editor=\"5rfvt\" data-offset-key=\"dpq3q-0-0\">\n<div class=\"_1mf _1mj\" data-offset-key=\"dpq3q-0-0\"><span data-offset-key=\"dpq3q-0-0\">\u00a0<\/span><\/div>\n<\/div>\n<div class=\"\" data-block=\"true\" data-editor=\"5rfvt\" data-offset-key=\"c0gh0-0-0\">\n<div class=\"_1mf _1mj\" data-offset-key=\"c0gh0-0-0\"><span data-offset-key=\"c0gh0-0-0\">Amb aquestes imatges us volem desitjar molt <\/span><\/div>\n<\/div>\n<div class=\"\" data-block=\"true\" data-editor=\"5rfvt\" data-offset-key=\"8qaov-0-0\">\n<div class=\"_1mf _1mj\" data-offset-key=\"8qaov-0-0\"><span data-offset-key=\"8qaov-0-0\"><strong>BONA PASCUA!<\/strong> Mar\u00e7 2021 \ud83c\udf3a\ud83d\udc23<\/span><iframe loading=\"lazy\" title=\"Pascua 2021\" width=\"500\" height=\"281\" src=\"https:\/\/www.youtube.com\/embed\/za6qfXF92pI?feature=oembed\" frameborder=\"0\" allow=\"accelerometer; autoplay; clipboard-write; encrypted-media; gyroscope; picture-in-picture; web-share\" referrerpolicy=\"strict-origin-when-cross-origin\" allowfullscreen><\/iframe><\/p>\n<p><span data-offset-key=\"8qaov-0-0\">\ud83e\udd5a<\/span><\/div>\n<\/div>\n","protected":false},"excerpt":{"rendered":"<p>Aquest any no hem pogut menjar la mona com f\u00e8iem habitualment, per\u00f2 no hem deixat de fer una gran celebraci\u00f3.<\/p>\n<p>Durant el mat\u00ed hem realitzat una s\u00e8rie d\u2019activitats molt divertides.<\/p>\n<p>\u00a0<\/p>\n<p>Amb aquestes imatges us volem desitjar molt <\/p>\n<p>BONA PASCUA! Mar\u00e7 2021 \ud83c\udf3a\ud83d\udc23<br \/>\n\ud83e\udd5a<\/p>\n","protected":false},"author":4,"featured_media":0,"comment_status":"open","ping_status":"closed","sticky":false,"template":"","format":"standard","meta":{"_bbp_topic_count":0,"_bbp_reply_count":0,"_bbp_total_topic_count":0,"_bbp_total_reply_count":0,"_bbp_voice_count":0,"_bbp_anonymous_reply_count":0,"_bbp_topic_count_hidden":0,"_bbp_reply_count_hidden":0,"_bbp_forum_subforum_count":0,"footnotes":""},"categories":[92,74,79,80,90,91,76,108,1,2,4],"tags":[131,128,125,132,129,130,134,135,182,181,133,136,127,124,137,126,119],"class_list":["post-6790","post","type-post","status-publish","format-standard","hentry","category-activitats-al-centre","category-cicle-inicial","category-cicle-mitja","category-cicle-superior","category-ed-infantil","category-ed-primaria","category-festes","category-festes-i-tradicions-populars","category-general","category-infantil","category-portada","tag-equitat","tag-escola","tag-escolamisericordiadereus","tag-escolapublicareus","tag-escoles","tag-escolespubliques","tag-inclusiva","tag-innovadora","tag-mona","tag-pascua","tag-publica","tag-qualitat","tag-reus","tag-viulapublica","tag-vivadiversaipublica","tag-xarxaescolespubliquesreus","tag-educacio"],"post_mailing_queue_ids":[],"_links":{"self":[{"href":"https:\/\/agora.xtec.cat\/ceipmisericordia-reus\/wp-json\/wp\/v2\/posts\/6790","targetHints":{"allow":["GET"]}}],"collection":[{"href":"https:\/\/agora.xtec.cat\/ceipmisericordia-reus\/wp-json\/wp\/v2\/posts"}],"about":[{"href":"https:\/\/agora.xtec.cat\/ceipmisericordia-reus\/wp-json\/wp\/v2\/types\/post"}],"author":[{"embeddable":true,"href":"https:\/\/agora.xtec.cat\/ceipmisericordia-reus\/wp-json\/wp\/v2\/users\/4"}],"replies":[{"embeddable":true,"href":"https:\/\/agora.xtec.cat\/ceipmisericordia-reus\/wp-json\/wp\/v2\/comments?post=6790"}],"version-history":[{"count":1,"href":"https:\/\/agora.xtec.cat\/ceipmisericordia-reus\/wp-json\/wp\/v2\/posts\/6790\/revisions"}],"predecessor-version":[{"id":6791,"href":"https:\/\/agora.xtec.cat\/ceipmisericordia-reus\/wp-json\/wp\/v2\/posts\/6790\/revisions\/6791"}],"wp:attachment":[{"href":"https:\/\/agora.xtec.cat\/ceipmisericordia-reus\/wp-json\/wp\/v2\/media?parent=6790"}],"wp:term":[{"taxonomy":"category","embeddable":true,"href":"https:\/\/agora.xtec.cat\/ceipmisericordia-reus\/wp-json\/wp\/v2\/categories?post=6790"},{"taxonomy":"post_tag","embeddable":true,"href":"https:\/\/agora.xtec.cat\/ceipmisericordia-reus\/wp-json\/wp\/v2\/tags?post=6790"}],"curies":[{"name":"wp","href":"https:\/\/api.w.org\/{rel}","templated":true}]}}