{"id":6713,"date":"2021-03-24T21:51:45","date_gmt":"2021-03-24T20:51:45","guid":{"rendered":"https:\/\/agora.xtec.cat\/ceipmisericordia-reus\/?p=6713"},"modified":"2021-03-24T21:51:45","modified_gmt":"2021-03-24T20:51:45","slug":"sortida-ecocamp-vinyols","status":"publish","type":"post","link":"https:\/\/agora.xtec.cat\/ceipmisericordia-reus\/infantil\/sortida-ecocamp-vinyols\/","title":{"rendered":"Sortida Ecocamp Vinyols!"},"content":{"rendered":"<p>El passat dilluns 22 de mar\u00e7, P3, P4 i P5 vam fer una sortida a l&#8217;Ecocamp Vinyols!<\/p>\n<p>Vam fer moltes activitats en contacte amb la natura!<\/p>\n<p>Ens van donar petits esqueixos de roman\u00ed per poder plantar-los en un planter per deixar-los cr\u00e9ixer. Tamb\u00e9 vam poder plantar enciams dintre de petits testos fets de plantes!<\/p>\n<p>A l\u2019Ecocamp hi havia un gran hort on els vam ajudar a remoure la terra per poder plantar m\u00e9s enciams! Tamb\u00e9 vam regar totes les plantes arom\u00e0tiques que hi havia.<\/p>\n<p>A banda de cuidar l\u2019hort, vam con\u00e8ixer als animals que hi vivien all\u00ed i els vam donar menjar! Hi havia \u00e0necs, oques, cavalls, porcs, gallines&#8230; fins i tot, vam trobar algun ou!<\/p>\n<p>Ens ho vam passar genial!<\/p>\n<p><iframe loading=\"lazy\" title=\"Sortida Ecocamp Vinyols\" width=\"500\" height=\"375\" src=\"https:\/\/www.youtube.com\/embed\/vm1KfAgX-1U?feature=oembed\" frameborder=\"0\" allow=\"accelerometer; autoplay; clipboard-write; encrypted-media; gyroscope; picture-in-picture; web-share\" referrerpolicy=\"strict-origin-when-cross-origin\" allowfullscreen><\/iframe><\/p>\n","protected":false},"excerpt":{"rendered":"<p>El passat dilluns 22 de mar\u00e7, P3, P4 i P5 vam fer una sortida a l&#8217;Ecocamp Vinyols!<br \/>\nVam fer moltes activitats en contacte amb la natura!<br \/>\nEns van donar petits esqueixos de roman\u00ed per poder plantar-los en un planter per deixar-los cr\u00e9ixer. Tamb\u00e9 vam poder plantar enciams&hellip;  <a href=\"https:\/\/agora.xtec.cat\/ceipmisericordia-reus\/infantil\/sortida-ecocamp-vinyols\/\" title=\"Read Sortida Ecocamp Vinyols!\">Llegeix m\u00e9s\u00bb<\/a><\/p>\n","protected":false},"author":4,"featured_media":6714,"comment_status":"open","ping_status":"closed","sticky":false,"template":"","format":"standard","meta":{"_bbp_topic_count":0,"_bbp_reply_count":0,"_bbp_total_topic_count":0,"_bbp_total_reply_count":0,"_bbp_voice_count":0,"_bbp_anonymous_reply_count":0,"_bbp_topic_count_hidden":0,"_bbp_reply_count_hidden":0,"_bbp_forum_subforum_count":0,"footnotes":""},"categories":[2,3,8,9,4],"tags":[],"class_list":["post-6713","post","type-post","status-publish","format-standard","has-post-thumbnail","hentry","category-infantil","category-p3","category-p4","category-p5","category-portada"],"post_mailing_queue_ids":[],"_links":{"self":[{"href":"https:\/\/agora.xtec.cat\/ceipmisericordia-reus\/wp-json\/wp\/v2\/posts\/6713","targetHints":{"allow":["GET"]}}],"collection":[{"href":"https:\/\/agora.xtec.cat\/ceipmisericordia-reus\/wp-json\/wp\/v2\/posts"}],"about":[{"href":"https:\/\/agora.xtec.cat\/ceipmisericordia-reus\/wp-json\/wp\/v2\/types\/post"}],"author":[{"embeddable":true,"href":"https:\/\/agora.xtec.cat\/ceipmisericordia-reus\/wp-json\/wp\/v2\/users\/4"}],"replies":[{"embeddable":true,"href":"https:\/\/agora.xtec.cat\/ceipmisericordia-reus\/wp-json\/wp\/v2\/comments?post=6713"}],"version-history":[{"count":1,"href":"https:\/\/agora.xtec.cat\/ceipmisericordia-reus\/wp-json\/wp\/v2\/posts\/6713\/revisions"}],"predecessor-version":[{"id":6715,"href":"https:\/\/agora.xtec.cat\/ceipmisericordia-reus\/wp-json\/wp\/v2\/posts\/6713\/revisions\/6715"}],"wp:featuredmedia":[{"embeddable":true,"href":"https:\/\/agora.xtec.cat\/ceipmisericordia-reus\/wp-json\/wp\/v2\/media\/6714"}],"wp:attachment":[{"href":"https:\/\/agora.xtec.cat\/ceipmisericordia-reus\/wp-json\/wp\/v2\/media?parent=6713"}],"wp:term":[{"taxonomy":"category","embeddable":true,"href":"https:\/\/agora.xtec.cat\/ceipmisericordia-reus\/wp-json\/wp\/v2\/categories?post=6713"},{"taxonomy":"post_tag","embeddable":true,"href":"https:\/\/agora.xtec.cat\/ceipmisericordia-reus\/wp-json\/wp\/v2\/tags?post=6713"}],"curies":[{"name":"wp","href":"https:\/\/api.w.org\/{rel}","templated":true}]}}