{"id":6711,"date":"2021-03-23T22:26:58","date_gmt":"2021-03-23T21:26:58","guid":{"rendered":"https:\/\/agora.xtec.cat\/ceipmisericordia-reus\/?p=6711"},"modified":"2021-03-23T22:26:58","modified_gmt":"2021-03-23T21:26:58","slug":"coral-primavera","status":"publish","type":"post","link":"https:\/\/agora.xtec.cat\/ceipmisericordia-reus\/general\/coral-primavera\/","title":{"rendered":"Coral &#8211; Primavera"},"content":{"rendered":"<div class=\"\" data-block=\"true\" data-editor=\"13ap4\" data-offset-key=\"fkkt9-0-0\">\n<div class=\"_1mf _1mj\" data-offset-key=\"fkkt9-0-0\"><span data-offset-key=\"fkkt9-0-0\">Aquest any, a causa de la pand\u00e8mia, est\u00e0 sent un curs at\u00edpic.<\/span><\/div>\n<\/div>\n<div class=\"\" data-block=\"true\" data-editor=\"13ap4\" data-offset-key=\"d9qcr-0-0\">\n<div class=\"_1mf _1mj\" data-offset-key=\"d9qcr-0-0\"><span data-offset-key=\"d9qcr-0-0\">La coral l&#8217;estem fent en grups reduits.<\/span><\/div>\n<\/div>\n<div class=\"\" data-block=\"true\" data-editor=\"13ap4\" data-offset-key=\"15jl0-0-0\">\n<div class=\"_1mf _1mj\" data-offset-key=\"15jl0-0-0\"><span data-offset-key=\"15jl0-0-0\">\u00a0<\/span><\/div>\n<\/div>\n<div class=\"\" data-block=\"true\" data-editor=\"13ap4\" data-offset-key=\"3jbgd-0-0\">\n<div class=\"_1mf _1mj\" data-offset-key=\"3jbgd-0-0\"><span data-offset-key=\"3jbgd-0-0\">Amb aquesta can\u00e7\u00f3 volem donar la benvinguda a la primavera i us volem desitjar BONA PASQUA!!!\ud83c\udf3a\ud83c\udf3c<\/span><\/div>\n<\/div>\n<div data-offset-key=\"3jbgd-0-0\"><\/div>\n<div data-offset-key=\"3jbgd-0-0\">\n<p><iframe loading=\"lazy\" title=\"Coral - Primavera\" width=\"500\" height=\"281\" src=\"https:\/\/www.youtube.com\/embed\/cureYDKNBiE?feature=oembed\" frameborder=\"0\" allow=\"accelerometer; autoplay; clipboard-write; encrypted-media; gyroscope; picture-in-picture; web-share\" referrerpolicy=\"strict-origin-when-cross-origin\" allowfullscreen><\/iframe><\/p>\n<\/div>\n","protected":false},"excerpt":{"rendered":"<p>Aquest any, a causa de la pand\u00e8mia, est\u00e0 sent un curs at\u00edpic.<\/p>\n<p>La coral l&#8217;estem fent en grups reduits.<\/p>\n<p>\u00a0<\/p>\n<p>Amb aquesta can\u00e7\u00f3 volem donar la benvinguda a la primavera i us volem desitjar BONA PASQUA!!!\ud83c\udf3a\ud83c\udf3c<\/p>\n","protected":false},"author":4,"featured_media":0,"comment_status":"open","ping_status":"closed","sticky":false,"template":"","format":"standard","meta":{"_bbp_topic_count":0,"_bbp_reply_count":0,"_bbp_total_topic_count":0,"_bbp_total_reply_count":0,"_bbp_voice_count":0,"_bbp_anonymous_reply_count":0,"_bbp_topic_count_hidden":0,"_bbp_reply_count_hidden":0,"_bbp_forum_subforum_count":0,"footnotes":""},"categories":[92,74,79,80,91,1,81,4,5],"tags":[179,131,128,125,132,129,130,134,135,180,133,136,127,124,137,126,119],"class_list":["post-6711","post","type-post","status-publish","format-standard","hentry","category-activitats-al-centre","category-cicle-inicial","category-cicle-mitja","category-cicle-superior","category-ed-primaria","category-general","category-musica","category-portada","category-primaria","tag-cantcoral","tag-equitat","tag-escola","tag-escolamisericordiadereus","tag-escolapublicareus","tag-escoles","tag-escolespubliques","tag-inclusiva","tag-innovadora","tag-primavera2021","tag-publica","tag-qualitat","tag-reus","tag-viulapublica","tag-vivadiversaipublica","tag-xarxaescolespubliquesreus","tag-educacio"],"post_mailing_queue_ids":[],"_links":{"self":[{"href":"https:\/\/agora.xtec.cat\/ceipmisericordia-reus\/wp-json\/wp\/v2\/posts\/6711","targetHints":{"allow":["GET"]}}],"collection":[{"href":"https:\/\/agora.xtec.cat\/ceipmisericordia-reus\/wp-json\/wp\/v2\/posts"}],"about":[{"href":"https:\/\/agora.xtec.cat\/ceipmisericordia-reus\/wp-json\/wp\/v2\/types\/post"}],"author":[{"embeddable":true,"href":"https:\/\/agora.xtec.cat\/ceipmisericordia-reus\/wp-json\/wp\/v2\/users\/4"}],"replies":[{"embeddable":true,"href":"https:\/\/agora.xtec.cat\/ceipmisericordia-reus\/wp-json\/wp\/v2\/comments?post=6711"}],"version-history":[{"count":1,"href":"https:\/\/agora.xtec.cat\/ceipmisericordia-reus\/wp-json\/wp\/v2\/posts\/6711\/revisions"}],"predecessor-version":[{"id":6712,"href":"https:\/\/agora.xtec.cat\/ceipmisericordia-reus\/wp-json\/wp\/v2\/posts\/6711\/revisions\/6712"}],"wp:attachment":[{"href":"https:\/\/agora.xtec.cat\/ceipmisericordia-reus\/wp-json\/wp\/v2\/media?parent=6711"}],"wp:term":[{"taxonomy":"category","embeddable":true,"href":"https:\/\/agora.xtec.cat\/ceipmisericordia-reus\/wp-json\/wp\/v2\/categories?post=6711"},{"taxonomy":"post_tag","embeddable":true,"href":"https:\/\/agora.xtec.cat\/ceipmisericordia-reus\/wp-json\/wp\/v2\/tags?post=6711"}],"curies":[{"name":"wp","href":"https:\/\/api.w.org\/{rel}","templated":true}]}}