{"id":6705,"date":"2021-03-22T22:37:26","date_gmt":"2021-03-22T21:37:26","guid":{"rendered":"https:\/\/agora.xtec.cat\/ceipmisericordia-reus\/?p=6705"},"modified":"2021-03-22T22:37:26","modified_gmt":"2021-03-22T21:37:26","slug":"hort-social-caritas","status":"publish","type":"post","link":"https:\/\/agora.xtec.cat\/ceipmisericordia-reus\/general\/hort-social-caritas\/","title":{"rendered":"Hort Social C\u00e1ritas"},"content":{"rendered":"<p>Avui dilluns 22 de mar\u00e7, els alumnes de Cicle Superior hem anat a l&#8217;Hort Social de C\u00e1ritas.<\/p>\n<p>Ha sigut una experi\u00e8ncia molt bonica. Hem apr\u00e8s el funcionament de l&#8217;hort social, hem apr\u00e8s a fer anar diverses eines per a treballar la terra i hem plantat enciams.<\/p>\n<p>Moltes gr\u00e0cies al Manel i a tot l&#8217;equip de l&#8217;Hort Social de C\u00e1ritas.<\/p>\n<p><iframe loading=\"lazy\" title=\"Hort Social C\u00e1ritas\" width=\"500\" height=\"281\" src=\"https:\/\/www.youtube.com\/embed\/mZ9OZvJnY-4?feature=oembed\" frameborder=\"0\" allow=\"accelerometer; autoplay; clipboard-write; encrypted-media; gyroscope; picture-in-picture; web-share\" referrerpolicy=\"strict-origin-when-cross-origin\" allowfullscreen><\/iframe><\/p>\n","protected":false},"excerpt":{"rendered":"<p>Avui dilluns 22 de mar\u00e7, els alumnes de Cicle Superior hem anat a l&#8217;Hort Social de C\u00e1ritas.<br \/>\nHa sigut una experi\u00e8ncia molt bonica. Hem apr\u00e8s el funcionament de l&#8217;hort social, hem apr\u00e8s a fer anar diverses eines per a treballar la terra i hem plantat enciams.<br \/>\nMoltes&hellip;  <a href=\"https:\/\/agora.xtec.cat\/ceipmisericordia-reus\/general\/hort-social-caritas\/\" title=\"Read Hort Social C\u00e1ritas\">Llegeix m\u00e9s\u00bb<\/a><\/p>\n","protected":false},"author":4,"featured_media":0,"comment_status":"open","ping_status":"closed","sticky":false,"template":"","format":"standard","meta":{"_bbp_topic_count":0,"_bbp_reply_count":0,"_bbp_total_topic_count":0,"_bbp_total_reply_count":0,"_bbp_voice_count":0,"_bbp_anonymous_reply_count":0,"_bbp_topic_count_hidden":0,"_bbp_reply_count_hidden":0,"_bbp_forum_subforum_count":0,"footnotes":""},"categories":[14,15,80,1,4],"tags":[131,128,125,132,129,130,177,134,135,133,136,127,124,137,126,178,119],"class_list":["post-6705","post","type-post","status-publish","format-standard","hentry","category-5e","category-6e","category-cicle-superior","category-general","category-portada","tag-equitat","tag-escola","tag-escolamisericordiadereus","tag-escolapublicareus","tag-escoles","tag-escolespubliques","tag-hortsocial","tag-inclusiva","tag-innovadora","tag-publica","tag-qualitat","tag-reus","tag-viulapublica","tag-vivadiversaipublica","tag-xarxaescolespubliquesreus","tag-caritas-espanola","tag-educacio"],"post_mailing_queue_ids":[],"_links":{"self":[{"href":"https:\/\/agora.xtec.cat\/ceipmisericordia-reus\/wp-json\/wp\/v2\/posts\/6705","targetHints":{"allow":["GET"]}}],"collection":[{"href":"https:\/\/agora.xtec.cat\/ceipmisericordia-reus\/wp-json\/wp\/v2\/posts"}],"about":[{"href":"https:\/\/agora.xtec.cat\/ceipmisericordia-reus\/wp-json\/wp\/v2\/types\/post"}],"author":[{"embeddable":true,"href":"https:\/\/agora.xtec.cat\/ceipmisericordia-reus\/wp-json\/wp\/v2\/users\/4"}],"replies":[{"embeddable":true,"href":"https:\/\/agora.xtec.cat\/ceipmisericordia-reus\/wp-json\/wp\/v2\/comments?post=6705"}],"version-history":[{"count":1,"href":"https:\/\/agora.xtec.cat\/ceipmisericordia-reus\/wp-json\/wp\/v2\/posts\/6705\/revisions"}],"predecessor-version":[{"id":6706,"href":"https:\/\/agora.xtec.cat\/ceipmisericordia-reus\/wp-json\/wp\/v2\/posts\/6705\/revisions\/6706"}],"wp:attachment":[{"href":"https:\/\/agora.xtec.cat\/ceipmisericordia-reus\/wp-json\/wp\/v2\/media?parent=6705"}],"wp:term":[{"taxonomy":"category","embeddable":true,"href":"https:\/\/agora.xtec.cat\/ceipmisericordia-reus\/wp-json\/wp\/v2\/categories?post=6705"},{"taxonomy":"post_tag","embeddable":true,"href":"https:\/\/agora.xtec.cat\/ceipmisericordia-reus\/wp-json\/wp\/v2\/tags?post=6705"}],"curies":[{"name":"wp","href":"https:\/\/api.w.org\/{rel}","templated":true}]}}