{"id":6701,"date":"2021-03-21T09:37:23","date_gmt":"2021-03-21T08:37:23","guid":{"rendered":"https:\/\/agora.xtec.cat\/ceipmisericordia-reus\/?p=6701"},"modified":"2021-03-21T09:37:23","modified_gmt":"2021-03-21T08:37:23","slug":"5e-campanes","status":"publish","type":"post","link":"https:\/\/agora.xtec.cat\/ceipmisericordia-reus\/general\/5e-campanes\/","title":{"rendered":"5\u00e8. Campanes"},"content":{"rendered":"<p>Avui, 21 de mar\u00e7, \u00e9s el Dia Mundial de la Poesia.<\/p>\n<div class=\"o9v6fnle cxmmr5t8 oygrvhab hcukyx3x c1et5uql ii04i59q\">\n<div dir=\"auto\"><\/div>\n<div dir=\"auto\">Els alumnes de Cicle Superior participem en una acci\u00f3 de les Biblioteques Municipals de Reus. Vam gravar un poema en un lloc emblem\u00e0tic de la ciutat.<\/div>\n<div dir=\"auto\"><\/div>\n<div dir=\"auto\">Aqu\u00ed en teniu el resultat!<\/div>\n<div dir=\"auto\"><\/div>\n<\/div>\n<div class=\"o9v6fnle cxmmr5t8 oygrvhab hcukyx3x c1et5uql ii04i59q\">\n<div dir=\"auto\">FELI\u00c7 DIA DE LA POESIA!!! \ud83d\udcd6<\/div>\n<\/div>\n<p>&nbsp;<\/p>\n<p><iframe loading=\"lazy\" title=\"5\u00e8. Campanes\" width=\"500\" height=\"281\" src=\"https:\/\/www.youtube.com\/embed\/jLdpPdZzY4A?feature=oembed\" frameborder=\"0\" allow=\"accelerometer; autoplay; clipboard-write; encrypted-media; gyroscope; picture-in-picture; web-share\" referrerpolicy=\"strict-origin-when-cross-origin\" allowfullscreen><\/iframe><\/p>\n","protected":false},"excerpt":{"rendered":"<p>Avui, 21 de mar\u00e7, \u00e9s el Dia Mundial de la Poesia.<\/p>\n<p>Els alumnes de Cicle Superior participem en una acci\u00f3 de les Biblioteques Municipals de Reus. Vam gravar un poema en un lloc emblem\u00e0tic de la ciutat.<\/p>\n<p>Aqu\u00ed en teniu el resultat!<\/p>\n<p>FELI\u00c7 DIA DE LA POESIA!!! \ud83d\udcd6<\/p>\n<p>&nbsp;<\/p>\n","protected":false},"author":4,"featured_media":0,"comment_status":"open","ping_status":"closed","sticky":false,"template":"","format":"standard","meta":{"_bbp_topic_count":0,"_bbp_reply_count":0,"_bbp_total_topic_count":0,"_bbp_total_reply_count":0,"_bbp_voice_count":0,"_bbp_anonymous_reply_count":0,"_bbp_topic_count_hidden":0,"_bbp_reply_count_hidden":0,"_bbp_forum_subforum_count":0,"footnotes":""},"categories":[14,80,91,108,1,4],"tags":[173,174,131,128,125,132,129,130,134,135,133,136,127,124,137,126,119],"class_list":["post-6701","post","type-post","status-publish","format-standard","hentry","category-5e","category-cicle-superior","category-ed-primaria","category-festes-i-tradicions-populars","category-general","category-portada","tag-21marc","tag-diapoesia","tag-equitat","tag-escola","tag-escolamisericordiadereus","tag-escolapublicareus","tag-escoles","tag-escolespubliques","tag-inclusiva","tag-innovadora","tag-publica","tag-qualitat","tag-reus","tag-viulapublica","tag-vivadiversaipublica","tag-xarxaescolespubliquesreus","tag-educacio"],"post_mailing_queue_ids":[],"_links":{"self":[{"href":"https:\/\/agora.xtec.cat\/ceipmisericordia-reus\/wp-json\/wp\/v2\/posts\/6701","targetHints":{"allow":["GET"]}}],"collection":[{"href":"https:\/\/agora.xtec.cat\/ceipmisericordia-reus\/wp-json\/wp\/v2\/posts"}],"about":[{"href":"https:\/\/agora.xtec.cat\/ceipmisericordia-reus\/wp-json\/wp\/v2\/types\/post"}],"author":[{"embeddable":true,"href":"https:\/\/agora.xtec.cat\/ceipmisericordia-reus\/wp-json\/wp\/v2\/users\/4"}],"replies":[{"embeddable":true,"href":"https:\/\/agora.xtec.cat\/ceipmisericordia-reus\/wp-json\/wp\/v2\/comments?post=6701"}],"version-history":[{"count":1,"href":"https:\/\/agora.xtec.cat\/ceipmisericordia-reus\/wp-json\/wp\/v2\/posts\/6701\/revisions"}],"predecessor-version":[{"id":6702,"href":"https:\/\/agora.xtec.cat\/ceipmisericordia-reus\/wp-json\/wp\/v2\/posts\/6701\/revisions\/6702"}],"wp:attachment":[{"href":"https:\/\/agora.xtec.cat\/ceipmisericordia-reus\/wp-json\/wp\/v2\/media?parent=6701"}],"wp:term":[{"taxonomy":"category","embeddable":true,"href":"https:\/\/agora.xtec.cat\/ceipmisericordia-reus\/wp-json\/wp\/v2\/categories?post=6701"},{"taxonomy":"post_tag","embeddable":true,"href":"https:\/\/agora.xtec.cat\/ceipmisericordia-reus\/wp-json\/wp\/v2\/tags?post=6701"}],"curies":[{"name":"wp","href":"https:\/\/api.w.org\/{rel}","templated":true}]}}