{"id":6598,"date":"2021-03-09T22:46:48","date_gmt":"2021-03-09T21:46:48","guid":{"rendered":"https:\/\/agora.xtec.cat\/ceipmisericordia-reus\/?p=6598"},"modified":"2021-03-09T22:46:48","modified_gmt":"2021-03-09T21:46:48","slug":"ambit-artistic-cs-gep","status":"publish","type":"post","link":"https:\/\/agora.xtec.cat\/ceipmisericordia-reus\/portada\/ambit-artistic-cs-gep\/","title":{"rendered":"\u00c0mbit Art\u00edstic &#8211; CS &#8211; GEP"},"content":{"rendered":"<p>La nostra escola es troba dins el programa GEP en el qual es vol millorar la compet\u00e8ncia ling\u00fc\u00edstica en llengua anglesa dels nostres alumnes.<\/p>\n<p>Aquest programa inclou, entre d&#8217;altres, que el treball de continguts d&#8217;\u00e0ries no ling\u00fc\u00edstiques es treballin en angl\u00e8s (AICLE).<\/p>\n<p>En aquesta ocasi\u00f3 us presentem, dins de l&#8217;\u00e0ria de Pl\u00e0stica, i aprofitant el 8 de mar\u00e7 &#8220;Dia de la Dona&#8221;, una activitat la qual els alumnes han hagut de treballar en angl\u00e8s diferents oficis i donar-li color.<\/p>\n<p><iframe loading=\"lazy\" title=\"\u00c0mbit Art\u00edstic - CS - GEP\" width=\"500\" height=\"281\" src=\"https:\/\/www.youtube.com\/embed\/mG-wzRz2INU?feature=oembed\" frameborder=\"0\" allow=\"accelerometer; autoplay; clipboard-write; encrypted-media; gyroscope; picture-in-picture; web-share\" referrerpolicy=\"strict-origin-when-cross-origin\" allowfullscreen><\/iframe><\/p>\n","protected":false},"excerpt":{"rendered":"<p>La nostra escola es troba dins el programa GEP en el qual es vol millorar la compet\u00e8ncia ling\u00fc\u00edstica en llengua anglesa dels nostres alumnes.<br \/>\nAquest programa inclou, entre d&#8217;altres, que el treball de continguts d&#8217;\u00e0ries no ling\u00fc\u00edstiques es treballin en angl\u00e8s (AICLE).<br \/>\nEn aquesta ocasi\u00f3 us presentem,&hellip;  <a href=\"https:\/\/agora.xtec.cat\/ceipmisericordia-reus\/portada\/ambit-artistic-cs-gep\/\" title=\"Read \u00c0mbit Art\u00edstic &#8211; CS &#8211; GEP\">Llegeix m\u00e9s\u00bb<\/a><\/p>\n","protected":false},"author":4,"featured_media":0,"comment_status":"open","ping_status":"closed","sticky":false,"template":"","format":"standard","meta":{"_bbp_topic_count":0,"_bbp_reply_count":0,"_bbp_total_topic_count":0,"_bbp_total_reply_count":0,"_bbp_voice_count":0,"_bbp_anonymous_reply_count":0,"_bbp_topic_count_hidden":0,"_bbp_reply_count_hidden":0,"_bbp_forum_subforum_count":0,"footnotes":""},"categories":[14,15,80,66,4],"tags":[131,128,125,132,129,130,142,134,135,143,133,136,127,124,137,126,119],"class_list":["post-6598","post","type-post","status-publish","format-standard","hentry","category-5e","category-6e","category-cicle-superior","category-gep","category-portada","tag-equitat","tag-escola","tag-escolamisericordiadereus","tag-escolapublicareus","tag-escoles","tag-escolespubliques","tag-gep","tag-inclusiva","tag-innovadora","tag-plurilingue","tag-publica","tag-qualitat","tag-reus","tag-viulapublica","tag-vivadiversaipublica","tag-xarxaescolespubliquesreus","tag-educacio"],"post_mailing_queue_ids":[],"_links":{"self":[{"href":"https:\/\/agora.xtec.cat\/ceipmisericordia-reus\/wp-json\/wp\/v2\/posts\/6598","targetHints":{"allow":["GET"]}}],"collection":[{"href":"https:\/\/agora.xtec.cat\/ceipmisericordia-reus\/wp-json\/wp\/v2\/posts"}],"about":[{"href":"https:\/\/agora.xtec.cat\/ceipmisericordia-reus\/wp-json\/wp\/v2\/types\/post"}],"author":[{"embeddable":true,"href":"https:\/\/agora.xtec.cat\/ceipmisericordia-reus\/wp-json\/wp\/v2\/users\/4"}],"replies":[{"embeddable":true,"href":"https:\/\/agora.xtec.cat\/ceipmisericordia-reus\/wp-json\/wp\/v2\/comments?post=6598"}],"version-history":[{"count":1,"href":"https:\/\/agora.xtec.cat\/ceipmisericordia-reus\/wp-json\/wp\/v2\/posts\/6598\/revisions"}],"predecessor-version":[{"id":6599,"href":"https:\/\/agora.xtec.cat\/ceipmisericordia-reus\/wp-json\/wp\/v2\/posts\/6598\/revisions\/6599"}],"wp:attachment":[{"href":"https:\/\/agora.xtec.cat\/ceipmisericordia-reus\/wp-json\/wp\/v2\/media?parent=6598"}],"wp:term":[{"taxonomy":"category","embeddable":true,"href":"https:\/\/agora.xtec.cat\/ceipmisericordia-reus\/wp-json\/wp\/v2\/categories?post=6598"},{"taxonomy":"post_tag","embeddable":true,"href":"https:\/\/agora.xtec.cat\/ceipmisericordia-reus\/wp-json\/wp\/v2\/tags?post=6598"}],"curies":[{"name":"wp","href":"https:\/\/api.w.org\/{rel}","templated":true}]}}