{"id":6567,"date":"2021-03-01T13:43:01","date_gmt":"2021-03-01T12:43:01","guid":{"rendered":"https:\/\/agora.xtec.cat\/ceipmisericordia-reus\/?p=6567"},"modified":"2021-03-01T13:43:01","modified_gmt":"2021-03-01T12:43:01","slug":"visita-virtual-al-parlament-de-catalunya-6e","status":"publish","type":"post","link":"https:\/\/agora.xtec.cat\/ceipmisericordia-reus\/portada\/visita-virtual-al-parlament-de-catalunya-6e\/","title":{"rendered":"Visita Virtual al Parlament de Catalunya, 6\u00e8"},"content":{"rendered":"<div class=\"\" style=\"font-family: 'Segoe UI Historic', 'Segoe UI', Helvetica, Arial, sans-serif; color: #050505; font-size: 15px; white-space: pre-wrap;\" data-block=\"true\" data-editor=\"4ic1e\" data-offset-key=\"1tj8d-0-0\">\n<div class=\"_1mf _1mj\" style=\"position: relative; font-family: inherit;\" data-offset-key=\"1tj8d-0-0\"><span style=\"font-family: inherit;\" data-offset-key=\"1tj8d-0-0\">Avui, dilluns 1 de mar\u00e7, els alumnes de 6\u00e8 hem realitzat una Visita Virtual al Parlament de Catalunya.<\/span><\/div>\n<div data-offset-key=\"1tj8d-0-0\"><\/div>\n<\/div>\n<div class=\"\" style=\"font-family: 'Segoe UI Historic', 'Segoe UI', Helvetica, Arial, sans-serif; color: #050505; font-size: 15px; white-space: pre-wrap;\" data-block=\"true\" data-editor=\"4ic1e\" data-offset-key=\"edeh7-0-0\">\n<div class=\"_1mf _1mj\" style=\"position: relative; font-family: inherit;\" data-offset-key=\"edeh7-0-0\"><span style=\"font-family: inherit;\" data-offset-key=\"edeh7-0-0\">Hem apr\u00e8s qu\u00e8 s&#8217;hi fa, quines s\u00f3n les seves funcions, qui hi treballa, les diverses depend\u00e8ncies&#8230; <\/span><\/div>\n<div data-offset-key=\"edeh7-0-0\"><\/div>\n<\/div>\n<div class=\"\" style=\"font-family: 'Segoe UI Historic', 'Segoe UI', Helvetica, Arial, sans-serif; color: #050505; font-size: 15px; white-space: pre-wrap;\" data-block=\"true\" data-editor=\"4ic1e\" data-offset-key=\"1s09e-0-0\">\n<div class=\"_1mf _1mj\" style=\"position: relative; font-family: inherit;\" data-offset-key=\"1s09e-0-0\"><span style=\"font-family: inherit;\" data-offset-key=\"1s09e-0-0\">Ha estat interesant\u00edssim!!!<\/span><\/div>\n<\/div>\n<div data-offset-key=\"1s09e-0-0\"><\/div>\n<div data-offset-key=\"1s09e-0-0\"><span data-offset-key=\"ebmib-0-0\">Moltes gr\u00e0cies a l&#8217;equip del Departament de Relacions Institucionals.<\/span><span class=\"diy96o5h\" spellcheck=\"false\" data-offset-key=\"ebmib-1-0\"><span data-offset-key=\"ebmib-1-0\">Generalitat de Catalunya<\/span><\/span><\/div>\n<div data-offset-key=\"1s09e-0-0\"><\/div>\n<div data-offset-key=\"1s09e-0-0\"><a href=\"https:\/\/agora.xtec.cat\/ceipmisericordia-reus\/wp-content\/uploads\/usu2066\/2021\/03\/IMG_8512.jpg\"><img loading=\"lazy\" decoding=\"async\" class=\"aligncenter size-medium wp-image-6568\" src=\"https:\/\/agora.xtec.cat\/ceipmisericordia-reus\/wp-content\/uploads\/usu2066\/2021\/03\/IMG_8512-300x223.jpg\" alt=\"\" width=\"300\" height=\"223\" srcset=\"https:\/\/agora.xtec.cat\/ceipmisericordia-reus\/wp-content\/uploads\/usu2066\/2021\/03\/IMG_8512-300x223.jpg 300w, https:\/\/agora.xtec.cat\/ceipmisericordia-reus\/wp-content\/uploads\/usu2066\/2021\/03\/IMG_8512-200x150.jpg 200w, https:\/\/agora.xtec.cat\/ceipmisericordia-reus\/wp-content\/uploads\/usu2066\/2021\/03\/IMG_8512.jpg 640w\" sizes=\"auto, (max-width: 300px) 100vw, 300px\" \/><\/a> <a href=\"https:\/\/agora.xtec.cat\/ceipmisericordia-reus\/wp-content\/uploads\/usu2066\/2021\/03\/IMG_8515.jpg\"><img loading=\"lazy\" decoding=\"async\" class=\"aligncenter size-medium wp-image-6569\" src=\"https:\/\/agora.xtec.cat\/ceipmisericordia-reus\/wp-content\/uploads\/usu2066\/2021\/03\/IMG_8515-300x225.jpg\" alt=\"\" width=\"300\" height=\"225\" srcset=\"https:\/\/agora.xtec.cat\/ceipmisericordia-reus\/wp-content\/uploads\/usu2066\/2021\/03\/IMG_8515-300x225.jpg 300w, https:\/\/agora.xtec.cat\/ceipmisericordia-reus\/wp-content\/uploads\/usu2066\/2021\/03\/IMG_8515-200x150.jpg 200w, https:\/\/agora.xtec.cat\/ceipmisericordia-reus\/wp-content\/uploads\/usu2066\/2021\/03\/IMG_8515.jpg 640w\" sizes=\"auto, (max-width: 300px) 100vw, 300px\" \/><\/a> <a href=\"https:\/\/agora.xtec.cat\/ceipmisericordia-reus\/wp-content\/uploads\/usu2066\/2021\/03\/IMG_8516.jpg\"><img loading=\"lazy\" decoding=\"async\" class=\"aligncenter size-medium wp-image-6570\" src=\"https:\/\/agora.xtec.cat\/ceipmisericordia-reus\/wp-content\/uploads\/usu2066\/2021\/03\/IMG_8516-300x225.jpg\" alt=\"\" width=\"300\" height=\"225\" srcset=\"https:\/\/agora.xtec.cat\/ceipmisericordia-reus\/wp-content\/uploads\/usu2066\/2021\/03\/IMG_8516-300x225.jpg 300w, https:\/\/agora.xtec.cat\/ceipmisericordia-reus\/wp-content\/uploads\/usu2066\/2021\/03\/IMG_8516-200x150.jpg 200w, https:\/\/agora.xtec.cat\/ceipmisericordia-reus\/wp-content\/uploads\/usu2066\/2021\/03\/IMG_8516.jpg 640w\" sizes=\"auto, (max-width: 300px) 100vw, 300px\" \/><\/a> <a href=\"https:\/\/agora.xtec.cat\/ceipmisericordia-reus\/wp-content\/uploads\/usu2066\/2021\/03\/IMG_8517.jpg\"><img loading=\"lazy\" decoding=\"async\" class=\"aligncenter size-medium wp-image-6571\" src=\"https:\/\/agora.xtec.cat\/ceipmisericordia-reus\/wp-content\/uploads\/usu2066\/2021\/03\/IMG_8517-300x225.jpg\" alt=\"\" width=\"300\" height=\"225\" srcset=\"https:\/\/agora.xtec.cat\/ceipmisericordia-reus\/wp-content\/uploads\/usu2066\/2021\/03\/IMG_8517-300x225.jpg 300w, https:\/\/agora.xtec.cat\/ceipmisericordia-reus\/wp-content\/uploads\/usu2066\/2021\/03\/IMG_8517-200x150.jpg 200w, https:\/\/agora.xtec.cat\/ceipmisericordia-reus\/wp-content\/uploads\/usu2066\/2021\/03\/IMG_8517.jpg 640w\" sizes=\"auto, (max-width: 300px) 100vw, 300px\" \/><\/a> <a href=\"https:\/\/agora.xtec.cat\/ceipmisericordia-reus\/wp-content\/uploads\/usu2066\/2021\/03\/IMG_8518.jpg\"><img loading=\"lazy\" decoding=\"async\" class=\"aligncenter size-medium wp-image-6572\" src=\"https:\/\/agora.xtec.cat\/ceipmisericordia-reus\/wp-content\/uploads\/usu2066\/2021\/03\/IMG_8518-300x225.jpg\" alt=\"\" width=\"300\" height=\"225\" srcset=\"https:\/\/agora.xtec.cat\/ceipmisericordia-reus\/wp-content\/uploads\/usu2066\/2021\/03\/IMG_8518-300x225.jpg 300w, https:\/\/agora.xtec.cat\/ceipmisericordia-reus\/wp-content\/uploads\/usu2066\/2021\/03\/IMG_8518-200x150.jpg 200w, https:\/\/agora.xtec.cat\/ceipmisericordia-reus\/wp-content\/uploads\/usu2066\/2021\/03\/IMG_8518.jpg 640w\" sizes=\"auto, (max-width: 300px) 100vw, 300px\" \/><\/a><\/div>\n","protected":false},"excerpt":{"rendered":"<p>Avui, dilluns 1 de mar\u00e7, els alumnes de 6\u00e8 hem realitzat una Visita Virtual al Parlament de Catalunya.<\/p>\n<p>Hem apr\u00e8s qu\u00e8 s&#8217;hi fa, quines s\u00f3n les seves funcions, qui hi treballa, les diverses depend\u00e8ncies&#8230; <\/p>\n<p>Ha estat interesant\u00edssim!!!<\/p>\n<p>Moltes gr\u00e0cies a l&#8217;equip del Departament de Relacions Institucionals.Generalitat de&hellip;  <a href=\"https:\/\/agora.xtec.cat\/ceipmisericordia-reus\/portada\/visita-virtual-al-parlament-de-catalunya-6e\/\" title=\"Read Visita Virtual al Parlament de Catalunya, 6\u00e8\">Llegeix m\u00e9s\u00bb<\/a><\/p>\n","protected":false},"author":4,"featured_media":0,"comment_status":"open","ping_status":"closed","sticky":false,"template":"","format":"standard","meta":{"_bbp_topic_count":0,"_bbp_reply_count":0,"_bbp_total_topic_count":0,"_bbp_total_reply_count":0,"_bbp_voice_count":0,"_bbp_anonymous_reply_count":0,"_bbp_topic_count_hidden":0,"_bbp_reply_count_hidden":0,"_bbp_forum_subforum_count":0,"footnotes":""},"categories":[15,92,80,97,4],"tags":[],"class_list":["post-6567","post","type-post","status-publish","format-standard","hentry","category-6e","category-activitats-al-centre","category-cicle-superior","category-noticies","category-portada"],"post_mailing_queue_ids":[],"_links":{"self":[{"href":"https:\/\/agora.xtec.cat\/ceipmisericordia-reus\/wp-json\/wp\/v2\/posts\/6567","targetHints":{"allow":["GET"]}}],"collection":[{"href":"https:\/\/agora.xtec.cat\/ceipmisericordia-reus\/wp-json\/wp\/v2\/posts"}],"about":[{"href":"https:\/\/agora.xtec.cat\/ceipmisericordia-reus\/wp-json\/wp\/v2\/types\/post"}],"author":[{"embeddable":true,"href":"https:\/\/agora.xtec.cat\/ceipmisericordia-reus\/wp-json\/wp\/v2\/users\/4"}],"replies":[{"embeddable":true,"href":"https:\/\/agora.xtec.cat\/ceipmisericordia-reus\/wp-json\/wp\/v2\/comments?post=6567"}],"version-history":[{"count":1,"href":"https:\/\/agora.xtec.cat\/ceipmisericordia-reus\/wp-json\/wp\/v2\/posts\/6567\/revisions"}],"predecessor-version":[{"id":6573,"href":"https:\/\/agora.xtec.cat\/ceipmisericordia-reus\/wp-json\/wp\/v2\/posts\/6567\/revisions\/6573"}],"wp:attachment":[{"href":"https:\/\/agora.xtec.cat\/ceipmisericordia-reus\/wp-json\/wp\/v2\/media?parent=6567"}],"wp:term":[{"taxonomy":"category","embeddable":true,"href":"https:\/\/agora.xtec.cat\/ceipmisericordia-reus\/wp-json\/wp\/v2\/categories?post=6567"},{"taxonomy":"post_tag","embeddable":true,"href":"https:\/\/agora.xtec.cat\/ceipmisericordia-reus\/wp-json\/wp\/v2\/tags?post=6567"}],"curies":[{"name":"wp","href":"https:\/\/api.w.org\/{rel}","templated":true}]}}