{"id":6521,"date":"2021-02-21T12:39:32","date_gmt":"2021-02-21T11:39:32","guid":{"rendered":"https:\/\/agora.xtec.cat\/ceipmisericordia-reus\/?p=6521"},"modified":"2021-02-21T12:39:32","modified_gmt":"2021-02-21T11:39:32","slug":"dia-de-llengues-maternes","status":"publish","type":"post","link":"https:\/\/agora.xtec.cat\/ceipmisericordia-reus\/portada\/dia-de-llengues-maternes\/","title":{"rendered":"DIA DE LLENG\u00dcES MATERNES"},"content":{"rendered":"<div dir=\"auto\">Avui, 21 de febrer, \u00e9s el Dia de les Lleng\u00fces Maternes. Agra\u00efm la col.laboraci\u00f3 de les fam\u00edlies per dur a terme l&#8217;activitat proposada per a la celebraci\u00f3. Esperem que us agradi!!<\/div>\n<div dir=\"auto\"><a class=\"oajrlxb2 g5ia77u1 qu0x051f esr5mh6w e9989ue4 r7d6kgcz rq0escxv nhd2j8a9 nc684nl6 p7hjln8o kvgmc6g5 cxmmr5t8 oygrvhab hcukyx3x jb3vyjys rz4wbd8a qt6c0cv9 a8nywdso i1ao9s8h esuyzwwr f1sip0of lzcic4wl q66pz984 gpro0wi8 b1v8xokw\" tabindex=\"0\" role=\"link\" href=\"https:\/\/www.facebook.com\/hashtag\/xarxaescolesp%C3%BAbliquesreus?__eep__=6&amp;__cft__[0]=AZWEdobNsJ4nSQwy7nPO4RMKLAgzeK1DwGzIc0iHxP2KdTjv4UCqlZ7d9IZ02NkBUw785AQ3iRDrxZVzYc4Ticp96ePr3AQ4vI_jNaVb19PUrUSZjkvgIofcsNtZs8mpbYc&amp;__tn__=*NK-R\">#xarxaescolesp\u00fabliquesreus<\/a> <a class=\"oajrlxb2 g5ia77u1 qu0x051f esr5mh6w e9989ue4 r7d6kgcz rq0escxv nhd2j8a9 nc684nl6 p7hjln8o kvgmc6g5 cxmmr5t8 oygrvhab hcukyx3x jb3vyjys rz4wbd8a qt6c0cv9 a8nywdso i1ao9s8h esuyzwwr f1sip0of lzcic4wl q66pz984 gpro0wi8 b1v8xokw\" tabindex=\"0\" role=\"link\" href=\"https:\/\/www.facebook.com\/hashtag\/escolamisericordia?__eep__=6&amp;__cft__[0]=AZWEdobNsJ4nSQwy7nPO4RMKLAgzeK1DwGzIc0iHxP2KdTjv4UCqlZ7d9IZ02NkBUw785AQ3iRDrxZVzYc4Ticp96ePr3AQ4vI_jNaVb19PUrUSZjkvgIofcsNtZs8mpbYc&amp;__tn__=*NK-R\">#escolamisericordia<\/a> <a class=\"oajrlxb2 g5ia77u1 qu0x051f esr5mh6w e9989ue4 r7d6kgcz rq0escxv nhd2j8a9 nc684nl6 p7hjln8o kvgmc6g5 cxmmr5t8 oygrvhab hcukyx3x jb3vyjys rz4wbd8a qt6c0cv9 a8nywdso i1ao9s8h esuyzwwr f1sip0of lzcic4wl q66pz984 gpro0wi8 b1v8xokw\" tabindex=\"0\" role=\"link\" href=\"https:\/\/www.facebook.com\/hashtag\/escolamisericordiadereus?__eep__=6&amp;__cft__[0]=AZWEdobNsJ4nSQwy7nPO4RMKLAgzeK1DwGzIc0iHxP2KdTjv4UCqlZ7d9IZ02NkBUw785AQ3iRDrxZVzYc4Ticp96ePr3AQ4vI_jNaVb19PUrUSZjkvgIofcsNtZs8mpbYc&amp;__tn__=*NK-R\">#escolamisericordiadereus<\/a> <a class=\"oajrlxb2 g5ia77u1 qu0x051f esr5mh6w e9989ue4 r7d6kgcz rq0escxv nhd2j8a9 nc684nl6 p7hjln8o kvgmc6g5 cxmmr5t8 oygrvhab hcukyx3x jb3vyjys rz4wbd8a qt6c0cv9 a8nywdso i1ao9s8h esuyzwwr f1sip0of lzcic4wl q66pz984 gpro0wi8 b1v8xokw\" tabindex=\"0\" role=\"link\" href=\"https:\/\/www.facebook.com\/hashtag\/diadeleslleng%C3%BCesmaternes?__eep__=6&amp;__cft__[0]=AZWEdobNsJ4nSQwy7nPO4RMKLAgzeK1DwGzIc0iHxP2KdTjv4UCqlZ7d9IZ02NkBUw785AQ3iRDrxZVzYc4Ticp96ePr3AQ4vI_jNaVb19PUrUSZjkvgIofcsNtZs8mpbYc&amp;__tn__=*NK-R\">#diadeleslleng\u00fcesmaternes<\/a> <a class=\"oajrlxb2 g5ia77u1 qu0x051f esr5mh6w e9989ue4 r7d6kgcz rq0escxv nhd2j8a9 nc684nl6 p7hjln8o kvgmc6g5 cxmmr5t8 oygrvhab hcukyx3x jb3vyjys rz4wbd8a qt6c0cv9 a8nywdso i1ao9s8h esuyzwwr f1sip0of lzcic4wl q66pz984 gpro0wi8 b1v8xokw\" tabindex=\"0\" role=\"link\" href=\"https:\/\/www.facebook.com\/hashtag\/viulapublica?__eep__=6&amp;__cft__[0]=AZWEdobNsJ4nSQwy7nPO4RMKLAgzeK1DwGzIc0iHxP2KdTjv4UCqlZ7d9IZ02NkBUw785AQ3iRDrxZVzYc4Ticp96ePr3AQ4vI_jNaVb19PUrUSZjkvgIofcsNtZs8mpbYc&amp;__tn__=*NK-R\">#viulapublica<\/a><\/div>\n<div dir=\"auto\"><a href=\"https:\/\/agora.xtec.cat\/ceipmisericordia-reus\/wp-content\/uploads\/usu2066\/2021\/02\/152009525_455302475649830_955603919672020348_n.jpg\"><img loading=\"lazy\" decoding=\"async\" class=\"aligncenter size-medium wp-image-6522\" src=\"https:\/\/agora.xtec.cat\/ceipmisericordia-reus\/wp-content\/uploads\/usu2066\/2021\/02\/152009525_455302475649830_955603919672020348_n-300x222.jpg\" alt=\"\" width=\"300\" height=\"222\" srcset=\"https:\/\/agora.xtec.cat\/ceipmisericordia-reus\/wp-content\/uploads\/usu2066\/2021\/02\/152009525_455302475649830_955603919672020348_n-300x222.jpg 300w, https:\/\/agora.xtec.cat\/ceipmisericordia-reus\/wp-content\/uploads\/usu2066\/2021\/02\/152009525_455302475649830_955603919672020348_n.jpg 600w\" sizes=\"auto, (max-width: 300px) 100vw, 300px\" \/><\/a><a href=\"https:\/\/agora.xtec.cat\/ceipmisericordia-reus\/wp-content\/uploads\/usu2066\/2021\/02\/152025213_455302512316493_742014736314322648_o.jpg\"><img loading=\"lazy\" decoding=\"async\" class=\"aligncenter size-medium wp-image-6523\" src=\"https:\/\/agora.xtec.cat\/ceipmisericordia-reus\/wp-content\/uploads\/usu2066\/2021\/02\/152025213_455302512316493_742014736314322648_o-300x63.jpg\" alt=\"\" width=\"300\" height=\"63\" srcset=\"https:\/\/agora.xtec.cat\/ceipmisericordia-reus\/wp-content\/uploads\/usu2066\/2021\/02\/152025213_455302512316493_742014736314322648_o-300x63.jpg 300w, https:\/\/agora.xtec.cat\/ceipmisericordia-reus\/wp-content\/uploads\/usu2066\/2021\/02\/152025213_455302512316493_742014736314322648_o.jpg 600w\" sizes=\"auto, (max-width: 300px) 100vw, 300px\" \/><\/a><a href=\"https:\/\/agora.xtec.cat\/ceipmisericordia-reus\/wp-content\/uploads\/usu2066\/2021\/02\/152044643_455302545649823_2658966087544365383_n.jpg\"><img loading=\"lazy\" decoding=\"async\" class=\"aligncenter size-medium wp-image-6524\" src=\"https:\/\/agora.xtec.cat\/ceipmisericordia-reus\/wp-content\/uploads\/usu2066\/2021\/02\/152044643_455302545649823_2658966087544365383_n-300x226.jpg\" alt=\"\" width=\"300\" height=\"226\" srcset=\"https:\/\/agora.xtec.cat\/ceipmisericordia-reus\/wp-content\/uploads\/usu2066\/2021\/02\/152044643_455302545649823_2658966087544365383_n-300x226.jpg 300w, https:\/\/agora.xtec.cat\/ceipmisericordia-reus\/wp-content\/uploads\/usu2066\/2021\/02\/152044643_455302545649823_2658966087544365383_n-200x150.jpg 200w, https:\/\/agora.xtec.cat\/ceipmisericordia-reus\/wp-content\/uploads\/usu2066\/2021\/02\/152044643_455302545649823_2658966087544365383_n.jpg 600w\" sizes=\"auto, (max-width: 300px) 100vw, 300px\" \/><\/a><a href=\"https:\/\/agora.xtec.cat\/ceipmisericordia-reus\/wp-content\/uploads\/usu2066\/2021\/02\/152071847_455302645649813_6765188490097046898_n.jpg\"><img loading=\"lazy\" decoding=\"async\" class=\"aligncenter size-medium wp-image-6525\" src=\"https:\/\/agora.xtec.cat\/ceipmisericordia-reus\/wp-content\/uploads\/usu2066\/2021\/02\/152071847_455302645649813_6765188490097046898_n-187x300.jpg\" alt=\"\" width=\"187\" height=\"300\" srcset=\"https:\/\/agora.xtec.cat\/ceipmisericordia-reus\/wp-content\/uploads\/usu2066\/2021\/02\/152071847_455302645649813_6765188490097046898_n-187x300.jpg 187w, https:\/\/agora.xtec.cat\/ceipmisericordia-reus\/wp-content\/uploads\/usu2066\/2021\/02\/152071847_455302645649813_6765188490097046898_n.jpg 597w\" sizes=\"auto, (max-width: 187px) 100vw, 187px\" \/><\/a> <a href=\"https:\/\/agora.xtec.cat\/ceipmisericordia-reus\/wp-content\/uploads\/usu2066\/2021\/02\/152012438_455302802316464_6053931923806899197_n.jpg\"><img loading=\"lazy\" decoding=\"async\" class=\"aligncenter size-medium wp-image-6526\" src=\"https:\/\/agora.xtec.cat\/ceipmisericordia-reus\/wp-content\/uploads\/usu2066\/2021\/02\/152012438_455302802316464_6053931923806899197_n-190x300.jpg\" alt=\"\" width=\"190\" height=\"300\" srcset=\"https:\/\/agora.xtec.cat\/ceipmisericordia-reus\/wp-content\/uploads\/usu2066\/2021\/02\/152012438_455302802316464_6053931923806899197_n-190x300.jpg 190w, https:\/\/agora.xtec.cat\/ceipmisericordia-reus\/wp-content\/uploads\/usu2066\/2021\/02\/152012438_455302802316464_6053931923806899197_n.jpg 608w\" sizes=\"auto, (max-width: 190px) 100vw, 190px\" \/><\/a> <a href=\"https:\/\/agora.xtec.cat\/ceipmisericordia-reus\/wp-content\/uploads\/usu2066\/2021\/02\/152422499_455302725649805_1559671017617325136_n.jpg\"><img loading=\"lazy\" decoding=\"async\" class=\"aligncenter size-medium wp-image-6527\" src=\"https:\/\/agora.xtec.cat\/ceipmisericordia-reus\/wp-content\/uploads\/usu2066\/2021\/02\/152422499_455302725649805_1559671017617325136_n-198x300.jpg\" alt=\"\" width=\"198\" height=\"300\" srcset=\"https:\/\/agora.xtec.cat\/ceipmisericordia-reus\/wp-content\/uploads\/usu2066\/2021\/02\/152422499_455302725649805_1559671017617325136_n-198x300.jpg 198w, https:\/\/agora.xtec.cat\/ceipmisericordia-reus\/wp-content\/uploads\/usu2066\/2021\/02\/152422499_455302725649805_1559671017617325136_n.jpg 633w\" sizes=\"auto, (max-width: 198px) 100vw, 198px\" \/><\/a> <a href=\"https:\/\/agora.xtec.cat\/ceipmisericordia-reus\/wp-content\/uploads\/usu2066\/2021\/02\/152012991_455302772316467_6271339405918062951_n.jpg\"><img loading=\"lazy\" decoding=\"async\" class=\"aligncenter size-medium wp-image-6528\" src=\"https:\/\/agora.xtec.cat\/ceipmisericordia-reus\/wp-content\/uploads\/usu2066\/2021\/02\/152012991_455302772316467_6271339405918062951_n-182x300.jpg\" alt=\"\" width=\"182\" height=\"300\" srcset=\"https:\/\/agora.xtec.cat\/ceipmisericordia-reus\/wp-content\/uploads\/usu2066\/2021\/02\/152012991_455302772316467_6271339405918062951_n-182x300.jpg 182w, https:\/\/agora.xtec.cat\/ceipmisericordia-reus\/wp-content\/uploads\/usu2066\/2021\/02\/152012991_455302772316467_6271339405918062951_n.jpg 583w\" sizes=\"auto, (max-width: 182px) 100vw, 182px\" \/><\/a> <a href=\"https:\/\/agora.xtec.cat\/ceipmisericordia-reus\/wp-content\/uploads\/usu2066\/2021\/02\/152032338_455302595649818_3917886608972982438_n.jpg\"><img loading=\"lazy\" decoding=\"async\" class=\"aligncenter size-medium wp-image-6529\" src=\"https:\/\/agora.xtec.cat\/ceipmisericordia-reus\/wp-content\/uploads\/usu2066\/2021\/02\/152032338_455302595649818_3917886608972982438_n-267x300.jpg\" alt=\"\" width=\"267\" height=\"300\" srcset=\"https:\/\/agora.xtec.cat\/ceipmisericordia-reus\/wp-content\/uploads\/usu2066\/2021\/02\/152032338_455302595649818_3917886608972982438_n-267x300.jpg 267w, https:\/\/agora.xtec.cat\/ceipmisericordia-reus\/wp-content\/uploads\/usu2066\/2021\/02\/152032338_455302595649818_3917886608972982438_n.jpg 526w\" sizes=\"auto, (max-width: 267px) 100vw, 267px\" \/><\/a> <a href=\"https:\/\/agora.xtec.cat\/ceipmisericordia-reus\/wp-content\/uploads\/usu2066\/2021\/02\/151988108_455302685649809_8622483968078989260_n.jpg\"><img loading=\"lazy\" decoding=\"async\" class=\"aligncenter size-medium wp-image-6530\" src=\"https:\/\/agora.xtec.cat\/ceipmisericordia-reus\/wp-content\/uploads\/usu2066\/2021\/02\/151988108_455302685649809_8622483968078989260_n-183x300.jpg\" alt=\"\" width=\"183\" height=\"300\" srcset=\"https:\/\/agora.xtec.cat\/ceipmisericordia-reus\/wp-content\/uploads\/usu2066\/2021\/02\/151988108_455302685649809_8622483968078989260_n-183x300.jpg 183w, https:\/\/agora.xtec.cat\/ceipmisericordia-reus\/wp-content\/uploads\/usu2066\/2021\/02\/151988108_455302685649809_8622483968078989260_n.jpg 585w\" sizes=\"auto, (max-width: 183px) 100vw, 183px\" \/><\/a><\/div>\n","protected":false},"excerpt":{"rendered":"<p>Avui, 21 de febrer, \u00e9s el Dia de les Lleng\u00fces Maternes. Agra\u00efm la col.laboraci\u00f3 de les fam\u00edlies per dur a terme l&#8217;activitat proposada per a la celebraci\u00f3. Esperem que us agradi!!<br \/>\n<a class=\"oajrlxb2 g5ia77u1 qu0x051f esr5mh6w e9989ue4 r7d6kgcz rq0escxv nhd2j8a9 nc684nl6 p7hjln8o kvgmc6g5 cxmmr5t8 oygrvhab hcukyx3x&hellip;  <a href=\"https:\/\/agora.xtec.cat\/ceipmisericordia-reus\/portada\/dia-de-llengues-maternes\/\" title=\"Read DIA DE LLENG\u00dcES MATERNES\">Llegeix m\u00e9s\u00bb<\/a><\/p>\n","protected":false},"author":4,"featured_media":0,"comment_status":"open","ping_status":"closed","sticky":false,"template":"","format":"standard","meta":{"_bbp_topic_count":0,"_bbp_reply_count":0,"_bbp_total_topic_count":0,"_bbp_total_reply_count":0,"_bbp_voice_count":0,"_bbp_anonymous_reply_count":0,"_bbp_topic_count_hidden":0,"_bbp_reply_count_hidden":0,"_bbp_forum_subforum_count":0,"footnotes":""},"categories":[90,91,76,75,4],"tags":[],"class_list":["post-6521","post","type-post","status-publish","format-standard","hentry","category-ed-infantil","category-ed-primaria","category-festes","category-pares-i-mares","category-portada"],"post_mailing_queue_ids":[],"_links":{"self":[{"href":"https:\/\/agora.xtec.cat\/ceipmisericordia-reus\/wp-json\/wp\/v2\/posts\/6521","targetHints":{"allow":["GET"]}}],"collection":[{"href":"https:\/\/agora.xtec.cat\/ceipmisericordia-reus\/wp-json\/wp\/v2\/posts"}],"about":[{"href":"https:\/\/agora.xtec.cat\/ceipmisericordia-reus\/wp-json\/wp\/v2\/types\/post"}],"author":[{"embeddable":true,"href":"https:\/\/agora.xtec.cat\/ceipmisericordia-reus\/wp-json\/wp\/v2\/users\/4"}],"replies":[{"embeddable":true,"href":"https:\/\/agora.xtec.cat\/ceipmisericordia-reus\/wp-json\/wp\/v2\/comments?post=6521"}],"version-history":[{"count":1,"href":"https:\/\/agora.xtec.cat\/ceipmisericordia-reus\/wp-json\/wp\/v2\/posts\/6521\/revisions"}],"predecessor-version":[{"id":6531,"href":"https:\/\/agora.xtec.cat\/ceipmisericordia-reus\/wp-json\/wp\/v2\/posts\/6521\/revisions\/6531"}],"wp:attachment":[{"href":"https:\/\/agora.xtec.cat\/ceipmisericordia-reus\/wp-json\/wp\/v2\/media?parent=6521"}],"wp:term":[{"taxonomy":"category","embeddable":true,"href":"https:\/\/agora.xtec.cat\/ceipmisericordia-reus\/wp-json\/wp\/v2\/categories?post=6521"},{"taxonomy":"post_tag","embeddable":true,"href":"https:\/\/agora.xtec.cat\/ceipmisericordia-reus\/wp-json\/wp\/v2\/tags?post=6521"}],"curies":[{"name":"wp","href":"https:\/\/api.w.org\/{rel}","templated":true}]}}