{"id":6518,"date":"2021-02-19T20:42:44","date_gmt":"2021-02-19T19:42:44","guid":{"rendered":"https:\/\/agora.xtec.cat\/ceipmisericordia-reus\/?p=6518"},"modified":"2021-02-19T20:42:44","modified_gmt":"2021-02-19T19:42:44","slug":"arriba-la-vella-quaresma","status":"publish","type":"post","link":"https:\/\/agora.xtec.cat\/ceipmisericordia-reus\/infantil\/arriba-la-vella-quaresma\/","title":{"rendered":"Arriba la Vella Quaresma!"},"content":{"rendered":"<p>Aquest mat\u00ed ens ha vingut a veure a l&#8217;escola el Rei Carnestoltes \ud83d\udc51\ud83c\udf89 i la Vella Quaresma \ud83d\udc75, que ja ha perdut la primera cama! Els nens i nenes d&#8217;infantil i cicle inicial ens ho hem passat d&#8217;all\u00f2 m\u00e9s b\u00e9, cantant i ballant al ritme del Carnestoltes, del que ens hem acomiadat fins l&#8217;any que ve \ud83d\udc4b. Ad\u00e9u Rei Carnestoltes i benvinguda Vella Quaresma!<\/p>\n<p>Canal Reus ha vingut a filmar l&#8217;espectacle i ha entrevistat als nostres alumnes, mireu, mireu! \ud83d\ude0a<\/p>\n<p><iframe loading=\"lazy\" title=\"Arriba la Vella Quaresma!!\" width=\"500\" height=\"281\" src=\"https:\/\/www.youtube.com\/embed\/CyRjpOnlEx0?feature=oembed\" frameborder=\"0\" allow=\"accelerometer; autoplay; clipboard-write; encrypted-media; gyroscope; picture-in-picture; web-share\" referrerpolicy=\"strict-origin-when-cross-origin\" allowfullscreen><\/iframe><\/p>\n<p><iframe loading=\"lazy\" title=\"La Vella Quaresma perd la primera cama\" width=\"500\" height=\"281\" src=\"https:\/\/www.youtube.com\/embed\/_p299HPLlt0?feature=oembed\" frameborder=\"0\" allow=\"accelerometer; autoplay; clipboard-write; encrypted-media; gyroscope; picture-in-picture; web-share\" referrerpolicy=\"strict-origin-when-cross-origin\" allowfullscreen><\/iframe><\/p>\n","protected":false},"excerpt":{"rendered":"<p>Aquest mat\u00ed ens ha vingut a veure a l&#8217;escola el Rei Carnestoltes \ud83d\udc51\ud83c\udf89 i la Vella Quaresma \ud83d\udc75, que ja ha perdut la primera cama! Els nens i nenes d&#8217;infantil i cicle inicial ens ho hem passat d&#8217;all\u00f2 m\u00e9s b\u00e9, cantant i ballant al ritme&hellip;  <a href=\"https:\/\/agora.xtec.cat\/ceipmisericordia-reus\/infantil\/arriba-la-vella-quaresma\/\" title=\"Read Arriba la Vella Quaresma!\">Llegeix m\u00e9s\u00bb<\/a><\/p>\n","protected":false},"author":4,"featured_media":6519,"comment_status":"open","ping_status":"closed","sticky":false,"template":"","format":"standard","meta":{"_bbp_topic_count":0,"_bbp_reply_count":0,"_bbp_total_topic_count":0,"_bbp_total_reply_count":0,"_bbp_voice_count":0,"_bbp_anonymous_reply_count":0,"_bbp_topic_count_hidden":0,"_bbp_reply_count_hidden":0,"_bbp_forum_subforum_count":0,"footnotes":""},"categories":[10,11,92,74,90,91,108,2,3,8,9,4],"tags":[131,128,125,132,129,130,134,135,133,136,127,124,137,126,119],"class_list":["post-6518","post","type-post","status-publish","format-standard","has-post-thumbnail","hentry","category-1r","category-2n","category-activitats-al-centre","category-cicle-inicial","category-ed-infantil","category-ed-primaria","category-festes-i-tradicions-populars","category-infantil","category-p3","category-p4","category-p5","category-portada","tag-equitat","tag-escola","tag-escolamisericordiadereus","tag-escolapublicareus","tag-escoles","tag-escolespubliques","tag-inclusiva","tag-innovadora","tag-publica","tag-qualitat","tag-reus","tag-viulapublica","tag-vivadiversaipublica","tag-xarxaescolespubliquesreus","tag-educacio"],"post_mailing_queue_ids":[],"_links":{"self":[{"href":"https:\/\/agora.xtec.cat\/ceipmisericordia-reus\/wp-json\/wp\/v2\/posts\/6518","targetHints":{"allow":["GET"]}}],"collection":[{"href":"https:\/\/agora.xtec.cat\/ceipmisericordia-reus\/wp-json\/wp\/v2\/posts"}],"about":[{"href":"https:\/\/agora.xtec.cat\/ceipmisericordia-reus\/wp-json\/wp\/v2\/types\/post"}],"author":[{"embeddable":true,"href":"https:\/\/agora.xtec.cat\/ceipmisericordia-reus\/wp-json\/wp\/v2\/users\/4"}],"replies":[{"embeddable":true,"href":"https:\/\/agora.xtec.cat\/ceipmisericordia-reus\/wp-json\/wp\/v2\/comments?post=6518"}],"version-history":[{"count":1,"href":"https:\/\/agora.xtec.cat\/ceipmisericordia-reus\/wp-json\/wp\/v2\/posts\/6518\/revisions"}],"predecessor-version":[{"id":6520,"href":"https:\/\/agora.xtec.cat\/ceipmisericordia-reus\/wp-json\/wp\/v2\/posts\/6518\/revisions\/6520"}],"wp:featuredmedia":[{"embeddable":true,"href":"https:\/\/agora.xtec.cat\/ceipmisericordia-reus\/wp-json\/wp\/v2\/media\/6519"}],"wp:attachment":[{"href":"https:\/\/agora.xtec.cat\/ceipmisericordia-reus\/wp-json\/wp\/v2\/media?parent=6518"}],"wp:term":[{"taxonomy":"category","embeddable":true,"href":"https:\/\/agora.xtec.cat\/ceipmisericordia-reus\/wp-json\/wp\/v2\/categories?post=6518"},{"taxonomy":"post_tag","embeddable":true,"href":"https:\/\/agora.xtec.cat\/ceipmisericordia-reus\/wp-json\/wp\/v2\/tags?post=6518"}],"curies":[{"name":"wp","href":"https:\/\/api.w.org\/{rel}","templated":true}]}}