{"id":6470,"date":"2021-02-16T19:53:37","date_gmt":"2021-02-16T18:53:37","guid":{"rendered":"https:\/\/agora.xtec.cat\/ceipmisericordia-reus\/?p=6470"},"modified":"2021-02-16T19:53:37","modified_gmt":"2021-02-16T18:53:37","slug":"plastica-a-p4","status":"publish","type":"post","link":"https:\/\/agora.xtec.cat\/ceipmisericordia-reus\/infantil\/plastica-a-p4\/","title":{"rendered":"PL\u00c0STICA A P4"},"content":{"rendered":"<p>A P4 hem fet uns m\u00f2bils inspirats en els colors de l&#8217;hivern per decorar la nostra classe. Hem treballat diferents t\u00e8cniques com l&#8217;esquin\u00e7at i el collage, i molt important, hem treballat conjuntament! Mireu que bonics han quedat! \u2744\u2744\u2744\u26c4<\/p>\n<p><iframe loading=\"lazy\" title=\"PL\u00c0STICA A P4\" width=\"500\" height=\"281\" src=\"https:\/\/www.youtube.com\/embed\/mztYJedUO9w?feature=oembed\" frameborder=\"0\" allow=\"accelerometer; autoplay; clipboard-write; encrypted-media; gyroscope; picture-in-picture; web-share\" referrerpolicy=\"strict-origin-when-cross-origin\" allowfullscreen><\/iframe><\/p>\n","protected":false},"excerpt":{"rendered":"<p>A P4 hem fet uns m\u00f2bils inspirats en els colors de l&#8217;hivern per decorar la nostra classe. Hem treballat diferents t\u00e8cniques com l&#8217;esquin\u00e7at i el collage, i molt important, hem treballat conjuntament! Mireu que bonics han quedat! \u2744\u2744\u2744\u26c4<\/p>\n","protected":false},"author":4,"featured_media":6471,"comment_status":"open","ping_status":"closed","sticky":false,"template":"","format":"standard","meta":{"_bbp_topic_count":0,"_bbp_reply_count":0,"_bbp_total_topic_count":0,"_bbp_total_reply_count":0,"_bbp_voice_count":0,"_bbp_anonymous_reply_count":0,"_bbp_topic_count_hidden":0,"_bbp_reply_count_hidden":0,"_bbp_forum_subforum_count":0,"footnotes":""},"categories":[2,8,4],"tags":[131,128,125,132,129,130,134,135,133,136,127,124,137,126,119],"class_list":["post-6470","post","type-post","status-publish","format-standard","has-post-thumbnail","hentry","category-infantil","category-p4","category-portada","tag-equitat","tag-escola","tag-escolamisericordiadereus","tag-escolapublicareus","tag-escoles","tag-escolespubliques","tag-inclusiva","tag-innovadora","tag-publica","tag-qualitat","tag-reus","tag-viulapublica","tag-vivadiversaipublica","tag-xarxaescolespubliquesreus","tag-educacio"],"post_mailing_queue_ids":[],"_links":{"self":[{"href":"https:\/\/agora.xtec.cat\/ceipmisericordia-reus\/wp-json\/wp\/v2\/posts\/6470","targetHints":{"allow":["GET"]}}],"collection":[{"href":"https:\/\/agora.xtec.cat\/ceipmisericordia-reus\/wp-json\/wp\/v2\/posts"}],"about":[{"href":"https:\/\/agora.xtec.cat\/ceipmisericordia-reus\/wp-json\/wp\/v2\/types\/post"}],"author":[{"embeddable":true,"href":"https:\/\/agora.xtec.cat\/ceipmisericordia-reus\/wp-json\/wp\/v2\/users\/4"}],"replies":[{"embeddable":true,"href":"https:\/\/agora.xtec.cat\/ceipmisericordia-reus\/wp-json\/wp\/v2\/comments?post=6470"}],"version-history":[{"count":1,"href":"https:\/\/agora.xtec.cat\/ceipmisericordia-reus\/wp-json\/wp\/v2\/posts\/6470\/revisions"}],"predecessor-version":[{"id":6472,"href":"https:\/\/agora.xtec.cat\/ceipmisericordia-reus\/wp-json\/wp\/v2\/posts\/6470\/revisions\/6472"}],"wp:featuredmedia":[{"embeddable":true,"href":"https:\/\/agora.xtec.cat\/ceipmisericordia-reus\/wp-json\/wp\/v2\/media\/6471"}],"wp:attachment":[{"href":"https:\/\/agora.xtec.cat\/ceipmisericordia-reus\/wp-json\/wp\/v2\/media?parent=6470"}],"wp:term":[{"taxonomy":"category","embeddable":true,"href":"https:\/\/agora.xtec.cat\/ceipmisericordia-reus\/wp-json\/wp\/v2\/categories?post=6470"},{"taxonomy":"post_tag","embeddable":true,"href":"https:\/\/agora.xtec.cat\/ceipmisericordia-reus\/wp-json\/wp\/v2\/tags?post=6470"}],"curies":[{"name":"wp","href":"https:\/\/api.w.org\/{rel}","templated":true}]}}