{"id":6384,"date":"2021-02-09T10:59:36","date_gmt":"2021-02-09T09:59:36","guid":{"rendered":"https:\/\/agora.xtec.cat\/ceipmisericordia-reus\/?p=6384"},"modified":"2021-02-09T10:59:36","modified_gmt":"2021-02-09T09:59:36","slug":"preparem-el-carnaval-6e-musica","status":"publish","type":"post","link":"https:\/\/agora.xtec.cat\/ceipmisericordia-reus\/general\/preparem-el-carnaval-6e-musica\/","title":{"rendered":"Preparem el Carnaval 6\u00e8 M\u00fasica"},"content":{"rendered":"<p><span style=\"color: rgba(0, 0, 0, 0.87); font-family: Roboto, Noto, sans-serif; font-size: 15px; white-space: pre-wrap; background-color: #ffffff;\">A M\u00fasica aprofitem les Festes i les Tradicions per al treball de continguts del nostre \u00e0mbit! Aqu\u00ed teniu la mostra dels alumnes de 6\u00e8!<\/span> <span style=\"color: rgba(0, 0, 0, 0.87); font-family: Roboto, Noto, sans-serif; font-size: 15px; white-space: pre-wrap; background-color: #ffffff;\">Bon Carnaval!!<\/span><\/p>\n<p>&nbsp;<\/p>\n<p><iframe loading=\"lazy\" title=\"Preparem el Carnaval 6\u00e8 M\u00fasica\" width=\"500\" height=\"281\" src=\"https:\/\/www.youtube.com\/embed\/3t4TfxSKNG4?feature=oembed\" frameborder=\"0\" allow=\"accelerometer; autoplay; clipboard-write; encrypted-media; gyroscope; picture-in-picture; web-share\" referrerpolicy=\"strict-origin-when-cross-origin\" allowfullscreen><\/iframe><\/p>\n<p>&nbsp;<\/p>\n","protected":false},"excerpt":{"rendered":"<p>A M\u00fasica aprofitem les Festes i les Tradicions per al treball de continguts del nostre \u00e0mbit! Aqu\u00ed teniu la mostra dels alumnes de 6\u00e8! Bon Carnaval!!<br \/>\n&nbsp;<\/p>\n<p>&nbsp;<\/p>\n","protected":false},"author":4,"featured_media":0,"comment_status":"open","ping_status":"closed","sticky":false,"template":"","format":"standard","meta":{"_bbp_topic_count":0,"_bbp_reply_count":0,"_bbp_total_topic_count":0,"_bbp_total_reply_count":0,"_bbp_voice_count":0,"_bbp_anonymous_reply_count":0,"_bbp_topic_count_hidden":0,"_bbp_reply_count_hidden":0,"_bbp_forum_subforum_count":0,"footnotes":""},"categories":[92,80,76,108,1,81,4],"tags":[157,131,128,125,132,129,130,158,134,135,152,133,136,127,124,137,126,119],"class_list":["post-6384","post","type-post","status-publish","format-standard","hentry","category-activitats-al-centre","category-cicle-superior","category-festes","category-festes-i-tradicions-populars","category-general","category-musica","category-portada","tag-carnaval2021","tag-equitat","tag-escola","tag-escolamisericordiadereus","tag-escolapublicareus","tag-escoles","tag-escolespubliques","tag-festesitradicions","tag-inclusiva","tag-innovadora","tag-musica","tag-publica","tag-qualitat","tag-reus","tag-viulapublica","tag-vivadiversaipublica","tag-xarxaescolespubliquesreus","tag-educacio"],"post_mailing_queue_ids":[],"_links":{"self":[{"href":"https:\/\/agora.xtec.cat\/ceipmisericordia-reus\/wp-json\/wp\/v2\/posts\/6384","targetHints":{"allow":["GET"]}}],"collection":[{"href":"https:\/\/agora.xtec.cat\/ceipmisericordia-reus\/wp-json\/wp\/v2\/posts"}],"about":[{"href":"https:\/\/agora.xtec.cat\/ceipmisericordia-reus\/wp-json\/wp\/v2\/types\/post"}],"author":[{"embeddable":true,"href":"https:\/\/agora.xtec.cat\/ceipmisericordia-reus\/wp-json\/wp\/v2\/users\/4"}],"replies":[{"embeddable":true,"href":"https:\/\/agora.xtec.cat\/ceipmisericordia-reus\/wp-json\/wp\/v2\/comments?post=6384"}],"version-history":[{"count":2,"href":"https:\/\/agora.xtec.cat\/ceipmisericordia-reus\/wp-json\/wp\/v2\/posts\/6384\/revisions"}],"predecessor-version":[{"id":6386,"href":"https:\/\/agora.xtec.cat\/ceipmisericordia-reus\/wp-json\/wp\/v2\/posts\/6384\/revisions\/6386"}],"wp:attachment":[{"href":"https:\/\/agora.xtec.cat\/ceipmisericordia-reus\/wp-json\/wp\/v2\/media?parent=6384"}],"wp:term":[{"taxonomy":"category","embeddable":true,"href":"https:\/\/agora.xtec.cat\/ceipmisericordia-reus\/wp-json\/wp\/v2\/categories?post=6384"},{"taxonomy":"post_tag","embeddable":true,"href":"https:\/\/agora.xtec.cat\/ceipmisericordia-reus\/wp-json\/wp\/v2\/tags?post=6384"}],"curies":[{"name":"wp","href":"https:\/\/api.w.org\/{rel}","templated":true}]}}