{"id":6276,"date":"2021-01-24T20:01:17","date_gmt":"2021-01-24T19:01:17","guid":{"rendered":"https:\/\/agora.xtec.cat\/ceipmisericordia-reus\/?p=6276"},"modified":"2021-01-24T20:01:17","modified_gmt":"2021-01-24T19:01:17","slug":"a-quart-aprenem-a-fer-servir-les-calculadores","status":"publish","type":"post","link":"https:\/\/agora.xtec.cat\/ceipmisericordia-reus\/portada\/a-quart-aprenem-a-fer-servir-les-calculadores\/","title":{"rendered":"A Quart aprenem a fer servir les calculadores."},"content":{"rendered":"<p>Saber fer servir les m\u00e0quines ens fa la vida m\u00e9s f\u00e0cil.<a href=\"https:\/\/youtu.be\/FBfzhJMvFUE\">https:\/\/youtu.be\/FBfzhJMvFUE<\/a><\/p>\n","protected":false},"excerpt":{"rendered":"<p>Saber fer servir les m\u00e0quines ens fa la vida m\u00e9s f\u00e0cil.<a href=\"https:\/\/youtu.be\/FBfzhJMvFUE\">https:\/\/youtu.be\/FBfzhJMvFUE<\/a><\/p>\n","protected":false},"author":4,"featured_media":6278,"comment_status":"open","ping_status":"closed","sticky":false,"template":"","format":"standard","meta":{"_bbp_topic_count":0,"_bbp_reply_count":0,"_bbp_total_topic_count":0,"_bbp_total_reply_count":0,"_bbp_voice_count":0,"_bbp_anonymous_reply_count":0,"_bbp_topic_count_hidden":0,"_bbp_reply_count_hidden":0,"_bbp_forum_subforum_count":0,"footnotes":""},"categories":[13,79,78,91,4,95],"tags":[],"class_list":["post-6276","post","type-post","status-publish","format-standard","has-post-thumbnail","hentry","category-4t","category-cicle-mitja","category-ciencia","category-ed-primaria","category-portada","category-quart"],"post_mailing_queue_ids":[],"_links":{"self":[{"href":"https:\/\/agora.xtec.cat\/ceipmisericordia-reus\/wp-json\/wp\/v2\/posts\/6276","targetHints":{"allow":["GET"]}}],"collection":[{"href":"https:\/\/agora.xtec.cat\/ceipmisericordia-reus\/wp-json\/wp\/v2\/posts"}],"about":[{"href":"https:\/\/agora.xtec.cat\/ceipmisericordia-reus\/wp-json\/wp\/v2\/types\/post"}],"author":[{"embeddable":true,"href":"https:\/\/agora.xtec.cat\/ceipmisericordia-reus\/wp-json\/wp\/v2\/users\/4"}],"replies":[{"embeddable":true,"href":"https:\/\/agora.xtec.cat\/ceipmisericordia-reus\/wp-json\/wp\/v2\/comments?post=6276"}],"version-history":[{"count":1,"href":"https:\/\/agora.xtec.cat\/ceipmisericordia-reus\/wp-json\/wp\/v2\/posts\/6276\/revisions"}],"predecessor-version":[{"id":6277,"href":"https:\/\/agora.xtec.cat\/ceipmisericordia-reus\/wp-json\/wp\/v2\/posts\/6276\/revisions\/6277"}],"wp:featuredmedia":[{"embeddable":true,"href":"https:\/\/agora.xtec.cat\/ceipmisericordia-reus\/wp-json\/wp\/v2\/media\/6278"}],"wp:attachment":[{"href":"https:\/\/agora.xtec.cat\/ceipmisericordia-reus\/wp-json\/wp\/v2\/media?parent=6276"}],"wp:term":[{"taxonomy":"category","embeddable":true,"href":"https:\/\/agora.xtec.cat\/ceipmisericordia-reus\/wp-json\/wp\/v2\/categories?post=6276"},{"taxonomy":"post_tag","embeddable":true,"href":"https:\/\/agora.xtec.cat\/ceipmisericordia-reus\/wp-json\/wp\/v2\/tags?post=6276"}],"curies":[{"name":"wp","href":"https:\/\/api.w.org\/{rel}","templated":true}]}}