{"id":6191,"date":"2020-12-20T19:04:24","date_gmt":"2020-12-20T18:04:24","guid":{"rendered":"https:\/\/agora.xtec.cat\/ceipmisericordia-reus\/?p=6191"},"modified":"2020-12-20T19:04:24","modified_gmt":"2020-12-20T18:04:24","slug":"activitat-mas-angles","status":"publish","type":"post","link":"https:\/\/agora.xtec.cat\/ceipmisericordia-reus\/infantil\/activitat-mas-angles\/","title":{"rendered":"Activitat Mas Angl\u00e8s"},"content":{"rendered":"<p>Des de l&#8217;escola hem participat en la decoraci\u00f3 del barri fent unes boles de Nadal. Mireu que bonics han quedat els arbres del parc! Us animem a visitar-lo.<\/p>\n<p><iframe loading=\"lazy\" title=\"Activitat Mas Angl\u00e8s\" width=\"500\" height=\"281\" src=\"https:\/\/www.youtube.com\/embed\/BVhLOQid9Os?feature=oembed\" frameborder=\"0\" allow=\"accelerometer; autoplay; clipboard-write; encrypted-media; gyroscope; picture-in-picture; web-share\" referrerpolicy=\"strict-origin-when-cross-origin\" allowfullscreen><\/iframe><\/p>\n<p>#VIULAP\u00daBLICA, #escolamisericordiadereus, #XarxaEscolesP\u00fabliquesReus, #Reus, #escola, #escoles, #escolesp\u00fabliques, #equitat, #escolap\u00fablicareus, #educaci\u00f3, #p\u00fablica, #inclusiva, #innovadora, #qualitat, #vivadiversaip\u00fablica<\/p>\n","protected":false},"excerpt":{"rendered":"<p>Des de l&#8217;escola hem participat en la decoraci\u00f3 del barri fent unes boles de Nadal. Mireu que bonics han quedat els arbres del parc! Us animem a visitar-lo.<\/p>\n<p>#VIULAP\u00daBLICA, #escolamisericordiadereus, #XarxaEscolesP\u00fabliquesReus, #Reus, #escola, #escoles, #escolesp\u00fabliques, #equitat, #escolap\u00fablicareus, #educaci\u00f3, #p\u00fablica, #inclusiva, #innovadora, #qualitat, #vivadiversaip\u00fablica<\/p>\n","protected":false},"author":4,"featured_media":6192,"comment_status":"open","ping_status":"closed","sticky":false,"template":"","format":"standard","meta":{"_bbp_topic_count":0,"_bbp_reply_count":0,"_bbp_total_topic_count":0,"_bbp_total_reply_count":0,"_bbp_voice_count":0,"_bbp_anonymous_reply_count":0,"_bbp_topic_count_hidden":0,"_bbp_reply_count_hidden":0,"_bbp_forum_subforum_count":0,"footnotes":""},"categories":[74,79,80,90,91,108,2,4,5],"tags":[],"class_list":["post-6191","post","type-post","status-publish","format-standard","has-post-thumbnail","hentry","category-cicle-inicial","category-cicle-mitja","category-cicle-superior","category-ed-infantil","category-ed-primaria","category-festes-i-tradicions-populars","category-infantil","category-portada","category-primaria"],"post_mailing_queue_ids":[],"_links":{"self":[{"href":"https:\/\/agora.xtec.cat\/ceipmisericordia-reus\/wp-json\/wp\/v2\/posts\/6191","targetHints":{"allow":["GET"]}}],"collection":[{"href":"https:\/\/agora.xtec.cat\/ceipmisericordia-reus\/wp-json\/wp\/v2\/posts"}],"about":[{"href":"https:\/\/agora.xtec.cat\/ceipmisericordia-reus\/wp-json\/wp\/v2\/types\/post"}],"author":[{"embeddable":true,"href":"https:\/\/agora.xtec.cat\/ceipmisericordia-reus\/wp-json\/wp\/v2\/users\/4"}],"replies":[{"embeddable":true,"href":"https:\/\/agora.xtec.cat\/ceipmisericordia-reus\/wp-json\/wp\/v2\/comments?post=6191"}],"version-history":[{"count":1,"href":"https:\/\/agora.xtec.cat\/ceipmisericordia-reus\/wp-json\/wp\/v2\/posts\/6191\/revisions"}],"predecessor-version":[{"id":6193,"href":"https:\/\/agora.xtec.cat\/ceipmisericordia-reus\/wp-json\/wp\/v2\/posts\/6191\/revisions\/6193"}],"wp:featuredmedia":[{"embeddable":true,"href":"https:\/\/agora.xtec.cat\/ceipmisericordia-reus\/wp-json\/wp\/v2\/media\/6192"}],"wp:attachment":[{"href":"https:\/\/agora.xtec.cat\/ceipmisericordia-reus\/wp-json\/wp\/v2\/media?parent=6191"}],"wp:term":[{"taxonomy":"category","embeddable":true,"href":"https:\/\/agora.xtec.cat\/ceipmisericordia-reus\/wp-json\/wp\/v2\/categories?post=6191"},{"taxonomy":"post_tag","embeddable":true,"href":"https:\/\/agora.xtec.cat\/ceipmisericordia-reus\/wp-json\/wp\/v2\/tags?post=6191"}],"curies":[{"name":"wp","href":"https:\/\/api.w.org\/{rel}","templated":true}]}}