{"id":6179,"date":"2020-12-18T11:42:12","date_gmt":"2020-12-18T10:42:12","guid":{"rendered":"https:\/\/agora.xtec.cat\/ceipmisericordia-reus\/?p=6179"},"modified":"2020-12-18T11:42:12","modified_gmt":"2020-12-18T10:42:12","slug":"bones-festes-nadala-i-felicitacions-de-cada-curs","status":"publish","type":"post","link":"https:\/\/agora.xtec.cat\/ceipmisericordia-reus\/general\/bones-festes-nadala-i-felicitacions-de-cada-curs\/","title":{"rendered":"Bones Festes (Nadala i Felicitacions de cada curs)"},"content":{"rendered":"<div class=\"\" data-block=\"true\" data-editor=\"4d1ir\" data-offset-key=\"1b20a-0-0\">\n<div class=\"_1mf _1mj\" data-offset-key=\"1b20a-0-0\"><span data-offset-key=\"1b20a-0-0\">Benvolgudes fam\u00edlies,<\/span><\/div>\n<\/div>\n<div class=\"\" data-block=\"true\" data-editor=\"4d1ir\" data-offset-key=\"4u5g-0-0\">\n<div class=\"_1mf _1mj\" data-offset-key=\"4u5g-0-0\"><span data-offset-key=\"4u5g-0-0\">\u00a0<\/span><\/div>\n<\/div>\n<div class=\"\" data-block=\"true\" data-editor=\"4d1ir\" data-offset-key=\"6ljbe-0-0\">\n<div class=\"_1mf _1mj\" data-offset-key=\"6ljbe-0-0\"><span data-offset-key=\"6ljbe-0-0\">\u00a0<\/span><\/div>\n<\/div>\n<div class=\"\" data-block=\"true\" data-editor=\"4d1ir\" data-offset-key=\"7oons-0-0\">\n<div class=\"_1mf _1mj\" data-offset-key=\"7oons-0-0\"><span data-offset-key=\"7oons-0-0\">aquest curs, malauradament, no heu pogut venir a l&#8217;escola a veure les nostres celebracions que habitualment compart\u00edeu amb nosaltres al pati de l&#8217;escola&#8230;<\/span><\/div>\n<\/div>\n<div class=\"\" data-block=\"true\" data-editor=\"4d1ir\" data-offset-key=\"2pff0-0-0\">\n<div class=\"_1mf _1mj\" data-offset-key=\"2pff0-0-0\"><span data-offset-key=\"2pff0-0-0\">Nosaltres les hem seguit celebrant, en la mesura del possible, i us hem fet arribar fotos i v\u00eddeos per a que, encara que de manera virtual, podeu gaudir-les.<\/span><\/div>\n<\/div>\n<div class=\"\" data-block=\"true\" data-editor=\"4d1ir\" data-offset-key=\"f0a79-0-0\">\n<div class=\"_1mf _1mj\" data-offset-key=\"f0a79-0-0\"><span data-offset-key=\"f0a79-0-0\">\u00a0<\/span><\/div>\n<\/div>\n<div class=\"\" data-block=\"true\" data-editor=\"4d1ir\" data-offset-key=\"d63ce-0-0\">\n<div class=\"_1mf _1mj\" data-offset-key=\"d63ce-0-0\"><span data-offset-key=\"d63ce-0-0\">\u00a0<\/span><\/div>\n<\/div>\n<div class=\"\" data-block=\"true\" data-editor=\"4d1ir\" data-offset-key=\"bg0gd-0-0\">\n<div class=\"_1mf _1mj\" data-offset-key=\"bg0gd-0-0\"><span data-offset-key=\"bg0gd-0-0\">En aquesta ocasi\u00f3 us volem felicitar les festes amb aquesta NADALA que hem cantant TOTS ELS ALUMNES DE L&#8217;ESCOLA. A m\u00e9s, us adjuntem una felicitaci\u00f3 de cada classe per a que pugueu descarregar-vos-la i, si voleu, imprimir-vos-la.<\/span><\/div>\n<\/div>\n<div class=\"\" data-block=\"true\" data-editor=\"4d1ir\" data-offset-key=\"abs05-0-0\">\n<div class=\"_1mf _1mj\" data-offset-key=\"abs05-0-0\"><span data-offset-key=\"abs05-0-0\">\u00a0<\/span><\/div>\n<\/div>\n<div class=\"\" data-block=\"true\" data-editor=\"4d1ir\" data-offset-key=\"6jhkg-0-0\">\n<div class=\"_1mf _1mj\" data-offset-key=\"6jhkg-0-0\"><span data-offset-key=\"6jhkg-0-0\">\u00a0<\/span><\/div>\n<\/div>\n<div class=\"\" data-block=\"true\" data-editor=\"4d1ir\" data-offset-key=\"2oiup-0-0\">\n<div class=\"_1mf _1mj\" data-offset-key=\"2oiup-0-0\"><span data-offset-key=\"2oiup-0-0\">Amb aquesta FELICITACI\u00d3 us desitgem <strong>BONES FESTES!!!<\/strong>\ud83c\udf84\ud83c\udfbc\ud83c\udfb6\ud83c\udfa4.<\/span><\/div>\n<\/div>\n<div data-offset-key=\"2oiup-0-0\"><\/div>\n<div data-offset-key=\"2oiup-0-0\">#VIULAP\u00daBLICA, #escolamisericordiadereus, #XarxaEscolesP\u00fabliquesReus, #Reus, #escola, #escoles, #escolesp\u00fabliques, #equitat, #escolap\u00fablicareus, #educaci\u00f3, #p\u00fablica, #inclusiva, #innovadora, #qualitat, #vivadiversaip\u00fablica, #bonesfestes<\/div>\n<div data-offset-key=\"2oiup-0-0\"><\/div>\n<div data-offset-key=\"2oiup-0-0\">\n<p><iframe loading=\"lazy\" title=\"Bones Festes. Nadala 2020\" width=\"500\" height=\"281\" src=\"https:\/\/www.youtube.com\/embed\/Sxjwe6EzvTE?feature=oembed\" frameborder=\"0\" allow=\"accelerometer; autoplay; clipboard-write; encrypted-media; gyroscope; picture-in-picture; web-share\" referrerpolicy=\"strict-origin-when-cross-origin\" allowfullscreen><\/iframe><\/p>\n<p><a href=\"https:\/\/agora.xtec.cat\/ceipmisericordia-reus\/wp-content\/uploads\/usu2066\/2020\/12\/Felicitacions-totes-juntes-min.png\"><img loading=\"lazy\" decoding=\"async\" class=\"aligncenter size-medium wp-image-6189\" src=\"https:\/\/agora.xtec.cat\/ceipmisericordia-reus\/wp-content\/uploads\/usu2066\/2020\/12\/Felicitacions-totes-juntes-min-300x169.png\" alt=\"\" width=\"300\" height=\"169\" srcset=\"https:\/\/agora.xtec.cat\/ceipmisericordia-reus\/wp-content\/uploads\/usu2066\/2020\/12\/Felicitacions-totes-juntes-min-300x169.png 300w, https:\/\/agora.xtec.cat\/ceipmisericordia-reus\/wp-content\/uploads\/usu2066\/2020\/12\/Felicitacions-totes-juntes-min-768x432.png 768w, https:\/\/agora.xtec.cat\/ceipmisericordia-reus\/wp-content\/uploads\/usu2066\/2020\/12\/Felicitacions-totes-juntes-min-1024x576.png 1024w, https:\/\/agora.xtec.cat\/ceipmisericordia-reus\/wp-content\/uploads\/usu2066\/2020\/12\/Felicitacions-totes-juntes-min.png 1920w\" sizes=\"auto, (max-width: 300px) 100vw, 300px\" \/><\/a><\/p>\n<p><a href=\"https:\/\/agora.xtec.cat\/ceipmisericordia-reus\/wp-content\/uploads\/usu2066\/2020\/12\/Felicitacio-P5-min.png\"><img loading=\"lazy\" decoding=\"async\" class=\"aligncenter size-medium wp-image-6188\" src=\"https:\/\/agora.xtec.cat\/ceipmisericordia-reus\/wp-content\/uploads\/usu2066\/2020\/12\/Felicitacio-P5-min-300x169.png\" alt=\"\" width=\"300\" height=\"169\" srcset=\"https:\/\/agora.xtec.cat\/ceipmisericordia-reus\/wp-content\/uploads\/usu2066\/2020\/12\/Felicitacio-P5-min-300x169.png 300w, https:\/\/agora.xtec.cat\/ceipmisericordia-reus\/wp-content\/uploads\/usu2066\/2020\/12\/Felicitacio-P5-min-768x432.png 768w, https:\/\/agora.xtec.cat\/ceipmisericordia-reus\/wp-content\/uploads\/usu2066\/2020\/12\/Felicitacio-P5-min-1024x576.png 1024w, https:\/\/agora.xtec.cat\/ceipmisericordia-reus\/wp-content\/uploads\/usu2066\/2020\/12\/Felicitacio-P5-min.png 1920w\" sizes=\"auto, (max-width: 300px) 100vw, 300px\" \/><\/a><\/p>\n<p>&nbsp;<\/p>\n<p><a href=\"https:\/\/agora.xtec.cat\/ceipmisericordia-reus\/wp-content\/uploads\/usu2066\/2020\/12\/Felicitacio-P4-min.png\"><img loading=\"lazy\" decoding=\"async\" class=\"aligncenter size-medium wp-image-6187\" src=\"https:\/\/agora.xtec.cat\/ceipmisericordia-reus\/wp-content\/uploads\/usu2066\/2020\/12\/Felicitacio-P4-min-300x169.png\" alt=\"\" width=\"300\" height=\"169\" srcset=\"https:\/\/agora.xtec.cat\/ceipmisericordia-reus\/wp-content\/uploads\/usu2066\/2020\/12\/Felicitacio-P4-min-300x169.png 300w, https:\/\/agora.xtec.cat\/ceipmisericordia-reus\/wp-content\/uploads\/usu2066\/2020\/12\/Felicitacio-P4-min-768x432.png 768w, https:\/\/agora.xtec.cat\/ceipmisericordia-reus\/wp-content\/uploads\/usu2066\/2020\/12\/Felicitacio-P4-min-1024x576.png 1024w, https:\/\/agora.xtec.cat\/ceipmisericordia-reus\/wp-content\/uploads\/usu2066\/2020\/12\/Felicitacio-P4-min.png 1920w\" sizes=\"auto, (max-width: 300px) 100vw, 300px\" \/><\/a><\/p>\n<p>&nbsp;<\/p>\n<p><a href=\"https:\/\/agora.xtec.cat\/ceipmisericordia-reus\/wp-content\/uploads\/usu2066\/2020\/12\/Felicitacio-P3-min.png\"><img loading=\"lazy\" decoding=\"async\" class=\"aligncenter size-medium wp-image-6186\" src=\"https:\/\/agora.xtec.cat\/ceipmisericordia-reus\/wp-content\/uploads\/usu2066\/2020\/12\/Felicitacio-P3-min-300x169.png\" alt=\"\" width=\"300\" height=\"169\" srcset=\"https:\/\/agora.xtec.cat\/ceipmisericordia-reus\/wp-content\/uploads\/usu2066\/2020\/12\/Felicitacio-P3-min-300x169.png 300w, https:\/\/agora.xtec.cat\/ceipmisericordia-reus\/wp-content\/uploads\/usu2066\/2020\/12\/Felicitacio-P3-min-768x432.png 768w, https:\/\/agora.xtec.cat\/ceipmisericordia-reus\/wp-content\/uploads\/usu2066\/2020\/12\/Felicitacio-P3-min-1024x576.png 1024w, https:\/\/agora.xtec.cat\/ceipmisericordia-reus\/wp-content\/uploads\/usu2066\/2020\/12\/Felicitacio-P3-min.png 1920w\" sizes=\"auto, (max-width: 300px) 100vw, 300px\" \/><\/a><\/p>\n<p>&nbsp;<\/p>\n<p><a href=\"https:\/\/agora.xtec.cat\/ceipmisericordia-reus\/wp-content\/uploads\/usu2066\/2020\/12\/Felicitacio-6\u00e8-min.png\"><img loading=\"lazy\" decoding=\"async\" class=\"aligncenter size-medium wp-image-6185\" src=\"https:\/\/agora.xtec.cat\/ceipmisericordia-reus\/wp-content\/uploads\/usu2066\/2020\/12\/Felicitacio-6\u00e8-min-300x169.png\" alt=\"\" width=\"300\" height=\"169\" srcset=\"https:\/\/agora.xtec.cat\/ceipmisericordia-reus\/wp-content\/uploads\/usu2066\/2020\/12\/Felicitacio-6\u00e8-min-300x169.png 300w, https:\/\/agora.xtec.cat\/ceipmisericordia-reus\/wp-content\/uploads\/usu2066\/2020\/12\/Felicitacio-6\u00e8-min-768x432.png 768w, https:\/\/agora.xtec.cat\/ceipmisericordia-reus\/wp-content\/uploads\/usu2066\/2020\/12\/Felicitacio-6\u00e8-min-1024x576.png 1024w, https:\/\/agora.xtec.cat\/ceipmisericordia-reus\/wp-content\/uploads\/usu2066\/2020\/12\/Felicitacio-6\u00e8-min.png 1920w\" sizes=\"auto, (max-width: 300px) 100vw, 300px\" \/><\/a><\/p>\n<p><a href=\"https:\/\/agora.xtec.cat\/ceipmisericordia-reus\/wp-content\/uploads\/usu2066\/2020\/12\/Felicitaci\u00f3-5\u00e8-min.png\"><img loading=\"lazy\" decoding=\"async\" class=\"aligncenter size-medium wp-image-6184\" src=\"https:\/\/agora.xtec.cat\/ceipmisericordia-reus\/wp-content\/uploads\/usu2066\/2020\/12\/Felicitaci\u00f3-5\u00e8-min-300x169.png\" alt=\"\" width=\"300\" height=\"169\" srcset=\"https:\/\/agora.xtec.cat\/ceipmisericordia-reus\/wp-content\/uploads\/usu2066\/2020\/12\/Felicitaci\u00f3-5\u00e8-min-300x169.png 300w, https:\/\/agora.xtec.cat\/ceipmisericordia-reus\/wp-content\/uploads\/usu2066\/2020\/12\/Felicitaci\u00f3-5\u00e8-min-768x432.png 768w, https:\/\/agora.xtec.cat\/ceipmisericordia-reus\/wp-content\/uploads\/usu2066\/2020\/12\/Felicitaci\u00f3-5\u00e8-min-1024x576.png 1024w, https:\/\/agora.xtec.cat\/ceipmisericordia-reus\/wp-content\/uploads\/usu2066\/2020\/12\/Felicitaci\u00f3-5\u00e8-min.png 1920w\" sizes=\"auto, (max-width: 300px) 100vw, 300px\" \/><\/a><\/p>\n<p>&nbsp;<\/p>\n<p><a href=\"https:\/\/agora.xtec.cat\/ceipmisericordia-reus\/wp-content\/uploads\/usu2066\/2020\/12\/Felicitacio-4t-min.png\"><img loading=\"lazy\" decoding=\"async\" class=\"aligncenter size-medium wp-image-6183\" src=\"https:\/\/agora.xtec.cat\/ceipmisericordia-reus\/wp-content\/uploads\/usu2066\/2020\/12\/Felicitacio-4t-min-300x169.png\" alt=\"\" width=\"300\" height=\"169\" srcset=\"https:\/\/agora.xtec.cat\/ceipmisericordia-reus\/wp-content\/uploads\/usu2066\/2020\/12\/Felicitacio-4t-min-300x169.png 300w, https:\/\/agora.xtec.cat\/ceipmisericordia-reus\/wp-content\/uploads\/usu2066\/2020\/12\/Felicitacio-4t-min-768x432.png 768w, https:\/\/agora.xtec.cat\/ceipmisericordia-reus\/wp-content\/uploads\/usu2066\/2020\/12\/Felicitacio-4t-min-1024x576.png 1024w, https:\/\/agora.xtec.cat\/ceipmisericordia-reus\/wp-content\/uploads\/usu2066\/2020\/12\/Felicitacio-4t-min.png 1920w\" sizes=\"auto, (max-width: 300px) 100vw, 300px\" \/><\/a><\/p>\n<p><a href=\"https:\/\/agora.xtec.cat\/ceipmisericordia-reus\/wp-content\/uploads\/usu2066\/2020\/12\/Felicitacio-3r-min.png\"><img loading=\"lazy\" decoding=\"async\" class=\"aligncenter size-medium wp-image-6182\" src=\"https:\/\/agora.xtec.cat\/ceipmisericordia-reus\/wp-content\/uploads\/usu2066\/2020\/12\/Felicitacio-3r-min-300x169.png\" alt=\"\" width=\"300\" height=\"169\" srcset=\"https:\/\/agora.xtec.cat\/ceipmisericordia-reus\/wp-content\/uploads\/usu2066\/2020\/12\/Felicitacio-3r-min-300x169.png 300w, https:\/\/agora.xtec.cat\/ceipmisericordia-reus\/wp-content\/uploads\/usu2066\/2020\/12\/Felicitacio-3r-min-768x432.png 768w, https:\/\/agora.xtec.cat\/ceipmisericordia-reus\/wp-content\/uploads\/usu2066\/2020\/12\/Felicitacio-3r-min-1024x576.png 1024w, https:\/\/agora.xtec.cat\/ceipmisericordia-reus\/wp-content\/uploads\/usu2066\/2020\/12\/Felicitacio-3r-min.png 1920w\" sizes=\"auto, (max-width: 300px) 100vw, 300px\" \/><\/a><\/p>\n<p>&nbsp;<\/p>\n<p><a href=\"https:\/\/agora.xtec.cat\/ceipmisericordia-reus\/wp-content\/uploads\/usu2066\/2020\/12\/Felicitacio-2n-min.png\"><img loading=\"lazy\" decoding=\"async\" class=\"aligncenter size-medium wp-image-6181\" src=\"https:\/\/agora.xtec.cat\/ceipmisericordia-reus\/wp-content\/uploads\/usu2066\/2020\/12\/Felicitacio-2n-min-300x169.png\" alt=\"\" width=\"300\" height=\"169\" srcset=\"https:\/\/agora.xtec.cat\/ceipmisericordia-reus\/wp-content\/uploads\/usu2066\/2020\/12\/Felicitacio-2n-min-300x169.png 300w, https:\/\/agora.xtec.cat\/ceipmisericordia-reus\/wp-content\/uploads\/usu2066\/2020\/12\/Felicitacio-2n-min-768x432.png 768w, https:\/\/agora.xtec.cat\/ceipmisericordia-reus\/wp-content\/uploads\/usu2066\/2020\/12\/Felicitacio-2n-min-1024x576.png 1024w, https:\/\/agora.xtec.cat\/ceipmisericordia-reus\/wp-content\/uploads\/usu2066\/2020\/12\/Felicitacio-2n-min.png 1920w\" sizes=\"auto, (max-width: 300px) 100vw, 300px\" \/><\/a><\/p>\n<p>&nbsp;<\/p>\n<p><a href=\"https:\/\/agora.xtec.cat\/ceipmisericordia-reus\/wp-content\/uploads\/usu2066\/2020\/12\/Felicitacio-1r-min.png\"><img loading=\"lazy\" decoding=\"async\" class=\"aligncenter size-medium wp-image-6180\" src=\"https:\/\/agora.xtec.cat\/ceipmisericordia-reus\/wp-content\/uploads\/usu2066\/2020\/12\/Felicitacio-1r-min-300x169.png\" alt=\"\" width=\"300\" height=\"169\" srcset=\"https:\/\/agora.xtec.cat\/ceipmisericordia-reus\/wp-content\/uploads\/usu2066\/2020\/12\/Felicitacio-1r-min-300x169.png 300w, https:\/\/agora.xtec.cat\/ceipmisericordia-reus\/wp-content\/uploads\/usu2066\/2020\/12\/Felicitacio-1r-min-768x432.png 768w, https:\/\/agora.xtec.cat\/ceipmisericordia-reus\/wp-content\/uploads\/usu2066\/2020\/12\/Felicitacio-1r-min-1024x576.png 1024w, https:\/\/agora.xtec.cat\/ceipmisericordia-reus\/wp-content\/uploads\/usu2066\/2020\/12\/Felicitacio-1r-min.png 1920w\" sizes=\"auto, (max-width: 300px) 100vw, 300px\" \/><\/a><\/p>\n<p>&nbsp;<\/p>\n<p><a href=\"https:\/\/agora.xtec.cat\/ceipmisericordia-reus\/wp-content\/uploads\/usu2066\/2020\/12\/Felicitacio-P4-min.png\"><img loading=\"lazy\" decoding=\"async\" class=\"aligncenter size-medium wp-image-6187\" src=\"https:\/\/agora.xtec.cat\/ceipmisericordia-reus\/wp-content\/uploads\/usu2066\/2020\/12\/Felicitacio-P4-min-300x169.png\" alt=\"\" width=\"300\" height=\"169\" srcset=\"https:\/\/agora.xtec.cat\/ceipmisericordia-reus\/wp-content\/uploads\/usu2066\/2020\/12\/Felicitacio-P4-min-300x169.png 300w, https:\/\/agora.xtec.cat\/ceipmisericordia-reus\/wp-content\/uploads\/usu2066\/2020\/12\/Felicitacio-P4-min-768x432.png 768w, https:\/\/agora.xtec.cat\/ceipmisericordia-reus\/wp-content\/uploads\/usu2066\/2020\/12\/Felicitacio-P4-min-1024x576.png 1024w, https:\/\/agora.xtec.cat\/ceipmisericordia-reus\/wp-content\/uploads\/usu2066\/2020\/12\/Felicitacio-P4-min.png 1920w\" sizes=\"auto, (max-width: 300px) 100vw, 300px\" \/><\/a><\/p>\n<\/div>\n","protected":false},"excerpt":{"rendered":"<p>Felicitacions. Bones Festes.&hellip;  <a href=\"https:\/\/agora.xtec.cat\/ceipmisericordia-reus\/general\/bones-festes-nadala-i-felicitacions-de-cada-curs\/\" title=\"Read Bones Festes (Nadala i Felicitacions de cada curs)\">Llegeix m\u00e9s\u00bb<\/a><\/p>\n","protected":false},"author":4,"featured_media":0,"comment_status":"open","ping_status":"closed","sticky":false,"template":"","format":"standard","meta":{"_bbp_topic_count":0,"_bbp_reply_count":0,"_bbp_total_topic_count":0,"_bbp_total_reply_count":0,"_bbp_voice_count":0,"_bbp_anonymous_reply_count":0,"_bbp_topic_count_hidden":0,"_bbp_reply_count_hidden":0,"_bbp_forum_subforum_count":0,"footnotes":""},"categories":[10,11,12,13,14,15,92,74,79,80,86,90,91,98,76,108,1,2,101,81,97,3,8,9,75,4,5],"tags":[146,131,128,125,132,129,130,134,135,133,136,127,124,137,126,119],"class_list":["post-6179","post","type-post","status-publish","format-standard","hentry","category-1r","category-2n","category-3r","category-4t","category-5e","category-6e","category-activitats-al-centre","category-cicle-inicial","category-cicle-mitja","category-cicle-superior","category-comunicats","category-ed-infantil","category-ed-primaria","category-familia","category-festes","category-festes-i-tradicions-populars","category-general","category-infantil","category-mestres","category-musica","category-noticies","category-p3","category-p4","category-p5","category-pares-i-mares","category-portada","category-primaria","tag-bonesfestes","tag-equitat","tag-escola","tag-escolamisericordiadereus","tag-escolapublicareus","tag-escoles","tag-escolespubliques","tag-inclusiva","tag-innovadora","tag-publica","tag-qualitat","tag-reus","tag-viulapublica","tag-vivadiversaipublica","tag-xarxaescolespubliquesreus","tag-educacio"],"post_mailing_queue_ids":[],"_links":{"self":[{"href":"https:\/\/agora.xtec.cat\/ceipmisericordia-reus\/wp-json\/wp\/v2\/posts\/6179","targetHints":{"allow":["GET"]}}],"collection":[{"href":"https:\/\/agora.xtec.cat\/ceipmisericordia-reus\/wp-json\/wp\/v2\/posts"}],"about":[{"href":"https:\/\/agora.xtec.cat\/ceipmisericordia-reus\/wp-json\/wp\/v2\/types\/post"}],"author":[{"embeddable":true,"href":"https:\/\/agora.xtec.cat\/ceipmisericordia-reus\/wp-json\/wp\/v2\/users\/4"}],"replies":[{"embeddable":true,"href":"https:\/\/agora.xtec.cat\/ceipmisericordia-reus\/wp-json\/wp\/v2\/comments?post=6179"}],"version-history":[{"count":1,"href":"https:\/\/agora.xtec.cat\/ceipmisericordia-reus\/wp-json\/wp\/v2\/posts\/6179\/revisions"}],"predecessor-version":[{"id":6190,"href":"https:\/\/agora.xtec.cat\/ceipmisericordia-reus\/wp-json\/wp\/v2\/posts\/6179\/revisions\/6190"}],"wp:attachment":[{"href":"https:\/\/agora.xtec.cat\/ceipmisericordia-reus\/wp-json\/wp\/v2\/media?parent=6179"}],"wp:term":[{"taxonomy":"category","embeddable":true,"href":"https:\/\/agora.xtec.cat\/ceipmisericordia-reus\/wp-json\/wp\/v2\/categories?post=6179"},{"taxonomy":"post_tag","embeddable":true,"href":"https:\/\/agora.xtec.cat\/ceipmisericordia-reus\/wp-json\/wp\/v2\/tags?post=6179"}],"curies":[{"name":"wp","href":"https:\/\/api.w.org\/{rel}","templated":true}]}}