{"id":6151,"date":"2020-12-15T17:02:40","date_gmt":"2020-12-15T16:02:40","guid":{"rendered":"https:\/\/agora.xtec.cat\/ceipmisericordia-reus\/?p=6151"},"modified":"2020-12-15T17:04:30","modified_gmt":"2020-12-15T16:04:30","slug":"infants-ciutadans-3","status":"publish","type":"post","link":"https:\/\/agora.xtec.cat\/ceipmisericordia-reus\/general\/infants-ciutadans-3\/","title":{"rendered":"Infants Ciutadans"},"content":{"rendered":"<p>Ens agrada molt poder participar en donar propostes per millorar la nostra ciutat.<\/p>\n<p>El tema d&#8217;aquest any en interessa molt\u00edssim! Propostes sobre el MEDI AMBIENT.<\/p>\n<p>Escolteu la nostra entrevista amb el Regidor de l&#8217;Ajuntament de Reus.<\/p>\n<p><a href=\"https:\/\/youtu.be\/HNXOdok56z8\">https:\/\/youtu.be\/HNXOdok56z8<\/a><\/p>\n<p>#VIULAP\u00daBLICA, #escolamisericordiadereus, #XarxaEscolesP\u00fabliquesReus, #Reus, #escola, #escoles, #escolesp\u00fabliques, #equitat, #escolap\u00fablicareus, #educaci\u00f3, #p\u00fablica, #inclusiva, #innovadora, #qualitat, #vivadiversaip\u00fablica<\/p>\n","protected":false},"excerpt":{"rendered":"<p>Ens agrada molt poder participar en donar propostes per millorar la nostra ciutat.<br \/>\nEl tema d&#8217;aquest any en interessa molt\u00edssim! Propostes sobre el MEDI AMBIENT.<br \/>\nEscolteu la nostra entrevista amb el Regidor de l&#8217;Ajuntament de Reus.<br \/>\n<a href=\"https:\/\/youtu.be\/HNXOdok56z8\">https:\/\/youtu.be\/HNXOdok56z8<\/a><br \/>\n#VIULAP\u00daBLICA, #escolamisericordiadereus, #XarxaEscolesP\u00fabliquesReus, #Reus, #escola, #escoles, #escolesp\u00fabliques, #equitat, #escolap\u00fablicareus, #educaci\u00f3, #p\u00fablica,&hellip;  <a href=\"https:\/\/agora.xtec.cat\/ceipmisericordia-reus\/general\/infants-ciutadans-3\/\" title=\"Read Infants Ciutadans\">Llegeix m\u00e9s\u00bb<\/a><\/p>\n","protected":false},"author":4,"featured_media":6152,"comment_status":"open","ping_status":"closed","sticky":false,"template":"","format":"standard","meta":{"_bbp_topic_count":0,"_bbp_reply_count":0,"_bbp_total_topic_count":0,"_bbp_total_reply_count":0,"_bbp_voice_count":0,"_bbp_anonymous_reply_count":0,"_bbp_topic_count_hidden":0,"_bbp_reply_count_hidden":0,"_bbp_forum_subforum_count":0,"footnotes":""},"categories":[15,92,80,91,1,97,4],"tags":[131,128,125,132,129,130,134,135,133,136,127,124,137,126,119],"class_list":["post-6151","post","type-post","status-publish","format-standard","has-post-thumbnail","hentry","category-6e","category-activitats-al-centre","category-cicle-superior","category-ed-primaria","category-general","category-noticies","category-portada","tag-equitat","tag-escola","tag-escolamisericordiadereus","tag-escolapublicareus","tag-escoles","tag-escolespubliques","tag-inclusiva","tag-innovadora","tag-publica","tag-qualitat","tag-reus","tag-viulapublica","tag-vivadiversaipublica","tag-xarxaescolespubliquesreus","tag-educacio"],"post_mailing_queue_ids":[],"_links":{"self":[{"href":"https:\/\/agora.xtec.cat\/ceipmisericordia-reus\/wp-json\/wp\/v2\/posts\/6151","targetHints":{"allow":["GET"]}}],"collection":[{"href":"https:\/\/agora.xtec.cat\/ceipmisericordia-reus\/wp-json\/wp\/v2\/posts"}],"about":[{"href":"https:\/\/agora.xtec.cat\/ceipmisericordia-reus\/wp-json\/wp\/v2\/types\/post"}],"author":[{"embeddable":true,"href":"https:\/\/agora.xtec.cat\/ceipmisericordia-reus\/wp-json\/wp\/v2\/users\/4"}],"replies":[{"embeddable":true,"href":"https:\/\/agora.xtec.cat\/ceipmisericordia-reus\/wp-json\/wp\/v2\/comments?post=6151"}],"version-history":[{"count":1,"href":"https:\/\/agora.xtec.cat\/ceipmisericordia-reus\/wp-json\/wp\/v2\/posts\/6151\/revisions"}],"predecessor-version":[{"id":6153,"href":"https:\/\/agora.xtec.cat\/ceipmisericordia-reus\/wp-json\/wp\/v2\/posts\/6151\/revisions\/6153"}],"wp:featuredmedia":[{"embeddable":true,"href":"https:\/\/agora.xtec.cat\/ceipmisericordia-reus\/wp-json\/wp\/v2\/media\/6152"}],"wp:attachment":[{"href":"https:\/\/agora.xtec.cat\/ceipmisericordia-reus\/wp-json\/wp\/v2\/media?parent=6151"}],"wp:term":[{"taxonomy":"category","embeddable":true,"href":"https:\/\/agora.xtec.cat\/ceipmisericordia-reus\/wp-json\/wp\/v2\/categories?post=6151"},{"taxonomy":"post_tag","embeddable":true,"href":"https:\/\/agora.xtec.cat\/ceipmisericordia-reus\/wp-json\/wp\/v2\/tags?post=6151"}],"curies":[{"name":"wp","href":"https:\/\/api.w.org\/{rel}","templated":true}]}}