{"id":6149,"date":"2020-12-15T16:35:04","date_gmt":"2020-12-15T15:35:04","guid":{"rendered":"https:\/\/agora.xtec.cat\/ceipmisericordia-reus\/?p=6149"},"modified":"2020-12-15T16:35:04","modified_gmt":"2020-12-15T15:35:04","slug":"concert-de-nadal","status":"publish","type":"post","link":"https:\/\/agora.xtec.cat\/ceipmisericordia-reus\/general\/concert-de-nadal\/","title":{"rendered":"Concert de Nadal"},"content":{"rendered":"<p>15\/12\/2020<\/p>\n<p>Gaudint del CONCERT DE NADAL a la nostra escola.\ud83c\udf84\ud83c\udfbc\ud83c\udfa4\ud83c\udfb6<\/p>\n<p><iframe loading=\"lazy\" title=\"Concert Nadal\" width=\"500\" height=\"281\" src=\"https:\/\/www.youtube.com\/embed\/Dv9K8Wf11zQ?feature=oembed\" frameborder=\"0\" allow=\"accelerometer; autoplay; clipboard-write; encrypted-media; gyroscope; picture-in-picture; web-share\" referrerpolicy=\"strict-origin-when-cross-origin\" allowfullscreen><\/iframe><\/p>\n<p>#VIULAP\u00daBLICA,#escolamisericordiadereus,#XarxaEscolesP\u00fabliquesReus,#Reus,#escola,#escoles,#escolesp\u00fabliques,#equitat,#escolap\u00fablicareus,#educaci\u00f3,#p\u00fablica,#inclusiva,#innovadora,#qualitat,#vivadiversaip\u00fablica<\/p>\n","protected":false},"excerpt":{"rendered":"<p>15\/12\/2020<br \/>\nGaudint del CONCERT DE NADAL a la nostra escola.\ud83c\udf84\ud83c\udfbc\ud83c\udfa4\ud83c\udfb6<\/p>\n<p>#VIULAP\u00daBLICA,#escolamisericordiadereus,#XarxaEscolesP\u00fabliquesReus,#Reus,#escola,#escoles,#escolesp\u00fabliques,#equitat,#escolap\u00fablicareus,#educaci\u00f3,#p\u00fablica,#inclusiva,#innovadora,#qualitat,#vivadiversaip\u00fablica<\/p>\n","protected":false},"author":4,"featured_media":0,"comment_status":"open","ping_status":"closed","sticky":false,"template":"","format":"standard","meta":{"_bbp_topic_count":0,"_bbp_reply_count":0,"_bbp_total_topic_count":0,"_bbp_total_reply_count":0,"_bbp_voice_count":0,"_bbp_anonymous_reply_count":0,"_bbp_topic_count_hidden":0,"_bbp_reply_count_hidden":0,"_bbp_forum_subforum_count":0,"footnotes":""},"categories":[92,74,79,80,90,91,76,108,1,101,81,4],"tags":[131,128,125,132,129,130,134,135,133,136,127,124,137,126,119],"class_list":["post-6149","post","type-post","status-publish","format-standard","hentry","category-activitats-al-centre","category-cicle-inicial","category-cicle-mitja","category-cicle-superior","category-ed-infantil","category-ed-primaria","category-festes","category-festes-i-tradicions-populars","category-general","category-mestres","category-musica","category-portada","tag-equitat","tag-escola","tag-escolamisericordiadereus","tag-escolapublicareus","tag-escoles","tag-escolespubliques","tag-inclusiva","tag-innovadora","tag-publica","tag-qualitat","tag-reus","tag-viulapublica","tag-vivadiversaipublica","tag-xarxaescolespubliquesreus","tag-educacio"],"post_mailing_queue_ids":[],"_links":{"self":[{"href":"https:\/\/agora.xtec.cat\/ceipmisericordia-reus\/wp-json\/wp\/v2\/posts\/6149","targetHints":{"allow":["GET"]}}],"collection":[{"href":"https:\/\/agora.xtec.cat\/ceipmisericordia-reus\/wp-json\/wp\/v2\/posts"}],"about":[{"href":"https:\/\/agora.xtec.cat\/ceipmisericordia-reus\/wp-json\/wp\/v2\/types\/post"}],"author":[{"embeddable":true,"href":"https:\/\/agora.xtec.cat\/ceipmisericordia-reus\/wp-json\/wp\/v2\/users\/4"}],"replies":[{"embeddable":true,"href":"https:\/\/agora.xtec.cat\/ceipmisericordia-reus\/wp-json\/wp\/v2\/comments?post=6149"}],"version-history":[{"count":1,"href":"https:\/\/agora.xtec.cat\/ceipmisericordia-reus\/wp-json\/wp\/v2\/posts\/6149\/revisions"}],"predecessor-version":[{"id":6150,"href":"https:\/\/agora.xtec.cat\/ceipmisericordia-reus\/wp-json\/wp\/v2\/posts\/6149\/revisions\/6150"}],"wp:attachment":[{"href":"https:\/\/agora.xtec.cat\/ceipmisericordia-reus\/wp-json\/wp\/v2\/media?parent=6149"}],"wp:term":[{"taxonomy":"category","embeddable":true,"href":"https:\/\/agora.xtec.cat\/ceipmisericordia-reus\/wp-json\/wp\/v2\/categories?post=6149"},{"taxonomy":"post_tag","embeddable":true,"href":"https:\/\/agora.xtec.cat\/ceipmisericordia-reus\/wp-json\/wp\/v2\/tags?post=6149"}],"curies":[{"name":"wp","href":"https:\/\/api.w.org\/{rel}","templated":true}]}}