{"id":6082,"date":"2020-12-01T18:45:42","date_gmt":"2020-12-01T17:45:42","guid":{"rendered":"https:\/\/agora.xtec.cat\/ceipmisericordia-reus\/?p=6082"},"modified":"2020-12-01T18:45:42","modified_gmt":"2020-12-01T17:45:42","slug":"preparem-el-nadal-cs","status":"publish","type":"post","link":"https:\/\/agora.xtec.cat\/ceipmisericordia-reus\/portada\/preparem-el-nadal-cs\/","title":{"rendered":"Preparem el Nadal CS"},"content":{"rendered":"<div class=\"\" data-block=\"true\" data-editor=\"31p1u\" data-offset-key=\"7q2jv-0-0\">\n<div class=\"_1mf _1mj\" data-offset-key=\"7q2jv-0-0\"><span data-offset-key=\"7q2jv-0-0\">A l&#8217;escola es comen\u00e7a a respirar l&#8217;ambient de Nadal amb les preparacions.<\/span><\/div>\n<div data-offset-key=\"7q2jv-0-0\"><\/div>\n<\/div>\n<div class=\"\" data-block=\"true\" data-editor=\"31p1u\" data-offset-key=\"3faeq-0-0\">\n<div class=\"_1mf _1mj\" data-offset-key=\"3faeq-0-0\"><span data-offset-key=\"3faeq-0-0\">Els alumnes de Cicle Superior us voldrem felicitar el Nadal amb el nostre <\/span><\/div>\n<div data-offset-key=\"3faeq-0-0\"><\/div>\n<div class=\"_1mf _1mj\" data-offset-key=\"3faeq-0-0\"><span data-offset-key=\"3faeq-0-0\"><strong>ARBRE MULTILING\u00dcE<\/strong>.\ud83c\udf84<\/span><\/div>\n<\/div>\n<div data-offset-key=\"3faeq-0-0\"><\/div>\n<div data-offset-key=\"3faeq-0-0\"><span class=\"diy96o5h\"><span data-offset-key=\"6n6v2-0-0\">#VIULAP\u00daBLICA<\/span><\/span><span data-offset-key=\"6n6v2-1-0\">, <\/span><span class=\"diy96o5h\"><span data-offset-key=\"6n6v2-2-0\">#escolamisericordiadereus<\/span><\/span><span data-offset-key=\"6n6v2-3-0\">, <\/span><span class=\"diy96o5h\"><span data-offset-key=\"6n6v2-4-0\">#XarxaEscolesP\u00fabliquesReus<\/span><\/span><span data-offset-key=\"6n6v2-5-0\">, <\/span><span class=\"diy96o5h\"><span data-offset-key=\"6n6v2-6-0\">#Reus<\/span><\/span><span data-offset-key=\"6n6v2-7-0\">, <\/span><span class=\"diy96o5h\"><span data-offset-key=\"6n6v2-8-0\">#escola<\/span><\/span><span data-offset-key=\"6n6v2-9-0\">, <\/span><span class=\"diy96o5h\"><span data-offset-key=\"6n6v2-10-0\">#escoles<\/span><\/span><span data-offset-key=\"6n6v2-11-0\">, <\/span><span class=\"diy96o5h\"><span data-offset-key=\"6n6v2-12-0\">#escolesp\u00fabliques<\/span><\/span><span data-offset-key=\"6n6v2-13-0\">, <\/span><span class=\"diy96o5h\"><span data-offset-key=\"6n6v2-14-0\">#equitat<\/span><\/span><span data-offset-key=\"6n6v2-15-0\">, <\/span><span class=\"diy96o5h\"><span data-offset-key=\"6n6v2-16-0\">#escolap\u00fablicareus<\/span><\/span><span data-offset-key=\"6n6v2-17-0\">, <\/span><span class=\"diy96o5h\"><span data-offset-key=\"6n6v2-18-0\">#educaci\u00f3<\/span><\/span><span data-offset-key=\"6n6v2-19-0\">, <\/span><span class=\"diy96o5h\"><span data-offset-key=\"6n6v2-20-0\">#p\u00fablica<\/span><\/span><span data-offset-key=\"6n6v2-21-0\">, <\/span><span class=\"diy96o5h\"><span data-offset-key=\"6n6v2-22-0\">#inclusiva<\/span><\/span><span data-offset-key=\"6n6v2-23-0\">, <\/span><span class=\"diy96o5h\"><span data-offset-key=\"6n6v2-24-0\">#innovadora<\/span><\/span><span data-offset-key=\"6n6v2-25-0\">, <\/span><span class=\"diy96o5h\"><span data-offset-key=\"6n6v2-26-0\">#qualitat<\/span><\/span><span data-offset-key=\"6n6v2-27-0\">, <\/span><span class=\"diy96o5h\"><span data-offset-key=\"6n6v2-28-0\">#vivadiversaip\u00fablica<\/span><\/span><span data-offset-key=\"6n6v2-29-0\">, <\/span><span class=\"diy96o5h\"><span data-offset-key=\"6n6v2-30-0\">#GEP<\/span><\/span><span data-offset-key=\"6n6v2-31-0\">, <\/span><span class=\"diy96o5h\"><span data-offset-key=\"6n6v2-32-0\">#pluriling\u00fce<\/span><\/span><\/div>\n<p><iframe loading=\"lazy\" title=\"Preparem el Nadal CS\" width=\"500\" height=\"281\" src=\"https:\/\/www.youtube.com\/embed\/_rnTRjg6-NA?feature=oembed\" frameborder=\"0\" allow=\"accelerometer; autoplay; clipboard-write; encrypted-media; gyroscope; picture-in-picture; web-share\" referrerpolicy=\"strict-origin-when-cross-origin\" allowfullscreen><\/iframe><\/p>\n","protected":false},"excerpt":{"rendered":"<p>A l&#8217;escola es comen\u00e7a a respirar l&#8217;ambient de Nadal amb les preparacions.<\/p>\n<p>Els alumnes de Cicle Superior us voldrem felicitar el Nadal amb el nostre <\/p>\n<p>ARBRE MULTILING\u00dcE.\ud83c\udf84<\/p>\n<p>#VIULAP\u00daBLICA, #escolamisericordiadereus, #XarxaEscolesP\u00fabliquesReus, #Reus, #escola, #escoles, #escolesp\u00fabliques, #equitat, #escolap\u00fablicareus, #educaci\u00f3, #p\u00fablica, #inclusiva, #innovadora, #qualitat, #vivadiversaip\u00fablica, #GEP, #pluriling\u00fce<\/p>\n","protected":false},"author":4,"featured_media":0,"comment_status":"open","ping_status":"closed","sticky":false,"template":"","format":"standard","meta":{"_bbp_topic_count":0,"_bbp_reply_count":0,"_bbp_total_topic_count":0,"_bbp_total_reply_count":0,"_bbp_voice_count":0,"_bbp_anonymous_reply_count":0,"_bbp_topic_count_hidden":0,"_bbp_reply_count_hidden":0,"_bbp_forum_subforum_count":0,"footnotes":""},"categories":[14,15,92,84,80,91,108,66,81,4],"tags":[131,128,125,132,129,130,142,134,135,143,133,136,127,124,137,126,119],"class_list":["post-6082","post","type-post","status-publish","format-standard","hentry","category-5e","category-6e","category-activitats-al-centre","category-angles","category-cicle-superior","category-ed-primaria","category-festes-i-tradicions-populars","category-gep","category-musica","category-portada","tag-equitat","tag-escola","tag-escolamisericordiadereus","tag-escolapublicareus","tag-escoles","tag-escolespubliques","tag-gep","tag-inclusiva","tag-innovadora","tag-plurilingue","tag-publica","tag-qualitat","tag-reus","tag-viulapublica","tag-vivadiversaipublica","tag-xarxaescolespubliquesreus","tag-educacio"],"post_mailing_queue_ids":[],"_links":{"self":[{"href":"https:\/\/agora.xtec.cat\/ceipmisericordia-reus\/wp-json\/wp\/v2\/posts\/6082","targetHints":{"allow":["GET"]}}],"collection":[{"href":"https:\/\/agora.xtec.cat\/ceipmisericordia-reus\/wp-json\/wp\/v2\/posts"}],"about":[{"href":"https:\/\/agora.xtec.cat\/ceipmisericordia-reus\/wp-json\/wp\/v2\/types\/post"}],"author":[{"embeddable":true,"href":"https:\/\/agora.xtec.cat\/ceipmisericordia-reus\/wp-json\/wp\/v2\/users\/4"}],"replies":[{"embeddable":true,"href":"https:\/\/agora.xtec.cat\/ceipmisericordia-reus\/wp-json\/wp\/v2\/comments?post=6082"}],"version-history":[{"count":1,"href":"https:\/\/agora.xtec.cat\/ceipmisericordia-reus\/wp-json\/wp\/v2\/posts\/6082\/revisions"}],"predecessor-version":[{"id":6083,"href":"https:\/\/agora.xtec.cat\/ceipmisericordia-reus\/wp-json\/wp\/v2\/posts\/6082\/revisions\/6083"}],"wp:attachment":[{"href":"https:\/\/agora.xtec.cat\/ceipmisericordia-reus\/wp-json\/wp\/v2\/media?parent=6082"}],"wp:term":[{"taxonomy":"category","embeddable":true,"href":"https:\/\/agora.xtec.cat\/ceipmisericordia-reus\/wp-json\/wp\/v2\/categories?post=6082"},{"taxonomy":"post_tag","embeddable":true,"href":"https:\/\/agora.xtec.cat\/ceipmisericordia-reus\/wp-json\/wp\/v2\/tags?post=6082"}],"curies":[{"name":"wp","href":"https:\/\/api.w.org\/{rel}","templated":true}]}}