{"id":6078,"date":"2020-12-01T12:39:06","date_gmt":"2020-12-01T11:39:06","guid":{"rendered":"https:\/\/agora.xtec.cat\/ceipmisericordia-reus\/?p=6078"},"modified":"2020-12-01T12:48:40","modified_gmt":"2020-12-01T11:48:40","slug":"la-canco-de-la-quinzena","status":"publish","type":"post","link":"https:\/\/agora.xtec.cat\/ceipmisericordia-reus\/portada\/la-canco-de-la-quinzena\/","title":{"rendered":"LA CAN\u00c7\u00d3 DE LA QUINZENA!"},"content":{"rendered":"<p>Hola fam\u00edlies!<\/p>\n<p>Engeguem una nova activitat que ens far\u00e0 a tots gaudir molt de la m\u00fasica i la diversitat cultural, tret caracter\u00edstic de la nostra escola. A partir d\u2019avui i cada quinze dies, treballarem una can\u00e7\u00f3 que anir\u00e0 canviant, aquesta ser\u00e0 una can\u00e7\u00f3 en els diferents idiomes que parlen els\/les alumnes de l\u2019escola.<\/p>\n<p>El dia 1 de cada mes la can\u00e7\u00f3 escollida ser\u00e0 en catal\u00e0, i el dia 15 en un altre idioma.<\/p>\n<p>Us volem fer part\u00edcips d\u2019aquest projecte tan bonic i divertit, comencem amb un cl\u00e0ssic:<\/p>\n<p>BON DIA \u2013 ELS PETS.<\/p>\n<p><iframe loading=\"lazy\" title=\"Els Pets - Bon dia\" width=\"500\" height=\"375\" src=\"https:\/\/www.youtube.com\/embed\/XgwnYXOfIkk?feature=oembed\" frameborder=\"0\" allow=\"accelerometer; autoplay; clipboard-write; encrypted-media; gyroscope; picture-in-picture; web-share\" referrerpolicy=\"strict-origin-when-cross-origin\" allowfullscreen><\/iframe><\/p>\n<p>#VIULAP\u00daBLICA, #escolamisericordiadereus, #XarxaEscolesP\u00fabliquesReus, #Reus, #escola, #escoles, #escolesp\u00fabliques, #equitat, #escolap\u00fablicareus, #educaci\u00f3, #p\u00fablica, #inclusiva, #innovadora, #qualitat, #vivadiversaip\u00fablica<\/p>\n","protected":false},"excerpt":{"rendered":"<p>Hola fam\u00edlies!<br \/>\nEngeguem una nova activitat que ens far\u00e0 a tots gaudir molt de la m\u00fasica i la diversitat cultural, tret caracter\u00edstic de la nostra escola. A partir d\u2019avui i cada quinze dies, treballarem una can\u00e7\u00f3 que anir\u00e0 canviant, aquesta ser\u00e0 una can\u00e7\u00f3 en els diferents&hellip;  <a href=\"https:\/\/agora.xtec.cat\/ceipmisericordia-reus\/portada\/la-canco-de-la-quinzena\/\" title=\"Read LA CAN\u00c7\u00d3 DE LA QUINZENA!\">Llegeix m\u00e9s\u00bb<\/a><\/p>\n","protected":false},"author":4,"featured_media":6079,"comment_status":"open","ping_status":"closed","sticky":false,"template":"","format":"standard","meta":{"_bbp_topic_count":0,"_bbp_reply_count":0,"_bbp_total_topic_count":0,"_bbp_total_reply_count":0,"_bbp_voice_count":0,"_bbp_anonymous_reply_count":0,"_bbp_topic_count_hidden":0,"_bbp_reply_count_hidden":0,"_bbp_forum_subforum_count":0,"footnotes":""},"categories":[92,74,79,80,90,91,4],"tags":[],"class_list":["post-6078","post","type-post","status-publish","format-standard","has-post-thumbnail","hentry","category-activitats-al-centre","category-cicle-inicial","category-cicle-mitja","category-cicle-superior","category-ed-infantil","category-ed-primaria","category-portada"],"post_mailing_queue_ids":[],"_links":{"self":[{"href":"https:\/\/agora.xtec.cat\/ceipmisericordia-reus\/wp-json\/wp\/v2\/posts\/6078","targetHints":{"allow":["GET"]}}],"collection":[{"href":"https:\/\/agora.xtec.cat\/ceipmisericordia-reus\/wp-json\/wp\/v2\/posts"}],"about":[{"href":"https:\/\/agora.xtec.cat\/ceipmisericordia-reus\/wp-json\/wp\/v2\/types\/post"}],"author":[{"embeddable":true,"href":"https:\/\/agora.xtec.cat\/ceipmisericordia-reus\/wp-json\/wp\/v2\/users\/4"}],"replies":[{"embeddable":true,"href":"https:\/\/agora.xtec.cat\/ceipmisericordia-reus\/wp-json\/wp\/v2\/comments?post=6078"}],"version-history":[{"count":2,"href":"https:\/\/agora.xtec.cat\/ceipmisericordia-reus\/wp-json\/wp\/v2\/posts\/6078\/revisions"}],"predecessor-version":[{"id":6081,"href":"https:\/\/agora.xtec.cat\/ceipmisericordia-reus\/wp-json\/wp\/v2\/posts\/6078\/revisions\/6081"}],"wp:featuredmedia":[{"embeddable":true,"href":"https:\/\/agora.xtec.cat\/ceipmisericordia-reus\/wp-json\/wp\/v2\/media\/6079"}],"wp:attachment":[{"href":"https:\/\/agora.xtec.cat\/ceipmisericordia-reus\/wp-json\/wp\/v2\/media?parent=6078"}],"wp:term":[{"taxonomy":"category","embeddable":true,"href":"https:\/\/agora.xtec.cat\/ceipmisericordia-reus\/wp-json\/wp\/v2\/categories?post=6078"},{"taxonomy":"post_tag","embeddable":true,"href":"https:\/\/agora.xtec.cat\/ceipmisericordia-reus\/wp-json\/wp\/v2\/tags?post=6078"}],"curies":[{"name":"wp","href":"https:\/\/api.w.org\/{rel}","templated":true}]}}