{"id":6004,"date":"2020-11-20T05:52:43","date_gmt":"2020-11-20T04:52:43","guid":{"rendered":"https:\/\/agora.xtec.cat\/ceipmisericordia-reus\/?p=6004"},"modified":"2020-11-22T10:31:18","modified_gmt":"2020-11-22T09:31:18","slug":"20n-dia-universal-dels-drets-dels-infants","status":"publish","type":"post","link":"https:\/\/agora.xtec.cat\/ceipmisericordia-reus\/general\/20n-dia-universal-dels-drets-dels-infants\/","title":{"rendered":"20N, Dia Universal dels Drets dels Infants."},"content":{"rendered":"<p>Avui celebrem el Dia Universal dels Drets dels Infants.<\/p>\n<p>Se celebra el dia 20 de novembre per commemorar l\u2019aprovaci\u00f3 de la Convenci\u00f3 dels Drets de l\u2019Infant per part de les Nacions Unides el 20 de novembre de 1989.<\/p>\n<p>Educar en el coneixement dels propis drets \u00e9s fonamental per a construir un m\u00f3n millor per a la inf\u00e0ncia i contribuir a l\u2019apoderament dels infants i joves.<\/p>\n<p>A la nostra escola, hem estat treballant tots aquests drets per a con\u00e8ixer-los i poder entendre\u2019ls millor. Hem fet debats, hem vist petits v\u00eddeos que ens han fet reflexionar, hem llegit articles, i sobre tot, hem pogut experimentar aquests drets. A continuaci\u00f3 us mostrem part del nostre treball.<\/p>\n<p><iframe loading=\"lazy\" title=\"Drets Infants\" width=\"500\" height=\"281\" src=\"https:\/\/www.youtube.com\/embed\/ZakYtjKYEqI?feature=oembed\" frameborder=\"0\" allow=\"accelerometer; autoplay; clipboard-write; encrypted-media; gyroscope; picture-in-picture; web-share\" referrerpolicy=\"strict-origin-when-cross-origin\" allowfullscreen><\/iframe><\/p>\n<p>#VIULAP\u00daBLICA,#escolamisericordiadereus,#XarxaEscolesP\u00fabliquesReus,#Reus,#escola,#escoles,#escolesp\u00fabliques,#equitat,#escolap\u00fablicareus,#educaci\u00f3,#p\u00fablica,#inclusiva,#innovadora,#qualitat,#vivadiversaip\u00fablica,#dretdelsinfants,#20N<\/p>\n","protected":false},"excerpt":{"rendered":"<p>20N, Dia Universal dels Drets dels Infants.&hellip;  <a href=\"https:\/\/agora.xtec.cat\/ceipmisericordia-reus\/general\/20n-dia-universal-dels-drets-dels-infants\/\" title=\"Read 20N, Dia Universal dels Drets dels Infants.\">Llegeix m\u00e9s\u00bb<\/a><\/p>\n","protected":false},"author":4,"featured_media":0,"comment_status":"open","ping_status":"closed","sticky":false,"template":"","format":"standard","meta":{"_bbp_topic_count":0,"_bbp_reply_count":0,"_bbp_total_topic_count":0,"_bbp_total_reply_count":0,"_bbp_voice_count":0,"_bbp_anonymous_reply_count":0,"_bbp_topic_count_hidden":0,"_bbp_reply_count_hidden":0,"_bbp_forum_subforum_count":0,"footnotes":""},"categories":[92,74,79,80,90,91,65,76,1,97,4,5],"tags":[139,138,131,128,125,132,129,130,134,135,133,136,127,124,137,126,119],"class_list":["post-6004","post","type-post","status-publish","format-standard","hentry","category-activitats-al-centre","category-cicle-inicial","category-cicle-mitja","category-cicle-superior","category-ed-infantil","category-ed-primaria","category-fem-coral","category-festes","category-general","category-noticies","category-portada","category-primaria","tag-20n","tag-dretdelsinfants","tag-equitat","tag-escola","tag-escolamisericordiadereus","tag-escolapublicareus","tag-escoles","tag-escolespubliques","tag-inclusiva","tag-innovadora","tag-publica","tag-qualitat","tag-reus","tag-viulapublica","tag-vivadiversaipublica","tag-xarxaescolespubliquesreus","tag-educacio"],"post_mailing_queue_ids":[],"_links":{"self":[{"href":"https:\/\/agora.xtec.cat\/ceipmisericordia-reus\/wp-json\/wp\/v2\/posts\/6004","targetHints":{"allow":["GET"]}}],"collection":[{"href":"https:\/\/agora.xtec.cat\/ceipmisericordia-reus\/wp-json\/wp\/v2\/posts"}],"about":[{"href":"https:\/\/agora.xtec.cat\/ceipmisericordia-reus\/wp-json\/wp\/v2\/types\/post"}],"author":[{"embeddable":true,"href":"https:\/\/agora.xtec.cat\/ceipmisericordia-reus\/wp-json\/wp\/v2\/users\/4"}],"replies":[{"embeddable":true,"href":"https:\/\/agora.xtec.cat\/ceipmisericordia-reus\/wp-json\/wp\/v2\/comments?post=6004"}],"version-history":[{"count":2,"href":"https:\/\/agora.xtec.cat\/ceipmisericordia-reus\/wp-json\/wp\/v2\/posts\/6004\/revisions"}],"predecessor-version":[{"id":6024,"href":"https:\/\/agora.xtec.cat\/ceipmisericordia-reus\/wp-json\/wp\/v2\/posts\/6004\/revisions\/6024"}],"wp:attachment":[{"href":"https:\/\/agora.xtec.cat\/ceipmisericordia-reus\/wp-json\/wp\/v2\/media?parent=6004"}],"wp:term":[{"taxonomy":"category","embeddable":true,"href":"https:\/\/agora.xtec.cat\/ceipmisericordia-reus\/wp-json\/wp\/v2\/categories?post=6004"},{"taxonomy":"post_tag","embeddable":true,"href":"https:\/\/agora.xtec.cat\/ceipmisericordia-reus\/wp-json\/wp\/v2\/tags?post=6004"}],"curies":[{"name":"wp","href":"https:\/\/api.w.org\/{rel}","templated":true}]}}