{"id":5860,"date":"2020-11-03T14:40:09","date_gmt":"2020-11-03T13:40:09","guid":{"rendered":"https:\/\/agora.xtec.cat\/ceipmisericordia-reus\/?p=5860"},"modified":"2020-11-10T15:25:18","modified_gmt":"2020-11-10T14:25:18","slug":"la-nostra-taula-de-la-tardor","status":"publish","type":"post","link":"https:\/\/agora.xtec.cat\/ceipmisericordia-reus\/portada\/la-nostra-taula-de-la-tardor\/","title":{"rendered":"La nostra taula de la tardor!"},"content":{"rendered":"<p>Hola!!!<\/p>\n<p>Aquesta setmana les i els alumnes de P5 continuem treballant l&#8217;estaci\u00f3 de la tardor. Per aix\u00f2, hem preparat la nostra taula de la tardor!<\/p>\n<p>L&#8217;hem fet amb els fruits secs i carnosos m\u00e9s t\u00edpics d&#8217;aquesta \u00e8poca de l&#8217;any! N&#8217;hi ha que fan molt bona olor!!!<\/p>\n<p>A m\u00e9s a m\u00e9s, hem escrit el nom de cada fruit en targetes per con\u00e8ixer b\u00e9 el nom de cadascun d&#8217;ells.<\/p>\n<p><a href=\"https:\/\/agora.xtec.cat\/ceipmisericordia-reus\/wp-content\/uploads\/usu2066\/2020\/11\/IMG_20201103_082702.jpg\"><img loading=\"lazy\" decoding=\"async\" class=\"aligncenter wp-image-5861 size-full\" src=\"https:\/\/agora.xtec.cat\/ceipmisericordia-reus\/wp-content\/uploads\/usu2066\/2020\/11\/IMG_20201103_082702.jpg\" alt=\"\" width=\"3286\" height=\"2601\" srcset=\"https:\/\/agora.xtec.cat\/ceipmisericordia-reus\/wp-content\/uploads\/usu2066\/2020\/11\/IMG_20201103_082702.jpg 3286w, https:\/\/agora.xtec.cat\/ceipmisericordia-reus\/wp-content\/uploads\/usu2066\/2020\/11\/IMG_20201103_082702-300x237.jpg 300w, https:\/\/agora.xtec.cat\/ceipmisericordia-reus\/wp-content\/uploads\/usu2066\/2020\/11\/IMG_20201103_082702-768x608.jpg 768w, https:\/\/agora.xtec.cat\/ceipmisericordia-reus\/wp-content\/uploads\/usu2066\/2020\/11\/IMG_20201103_082702-1024x811.jpg 1024w\" sizes=\"auto, (max-width: 3286px) 100vw, 3286px\" \/><\/a><\/p>\n","protected":false},"excerpt":{"rendered":"<p>Hola!!!<br \/>\nAquesta setmana les i els alumnes de P5 continuem treballant l&#8217;estaci\u00f3 de la tardor. Per aix\u00f2, hem preparat la nostra taula de la tardor!<br \/>\nL&#8217;hem fet amb els fruits secs i carnosos m\u00e9s t\u00edpics d&#8217;aquesta \u00e8poca de l&#8217;any! N&#8217;hi ha que fan molt bona olor!!!<br \/>\nA m\u00e9s&hellip;  <a href=\"https:\/\/agora.xtec.cat\/ceipmisericordia-reus\/portada\/la-nostra-taula-de-la-tardor\/\" title=\"Read La nostra taula de la tardor!\">Llegeix m\u00e9s\u00bb<\/a><\/p>\n","protected":false},"author":4,"featured_media":0,"comment_status":"open","ping_status":"closed","sticky":false,"template":"","format":"standard","meta":{"_bbp_topic_count":0,"_bbp_reply_count":0,"_bbp_total_topic_count":0,"_bbp_total_reply_count":0,"_bbp_voice_count":0,"_bbp_anonymous_reply_count":0,"_bbp_topic_count_hidden":0,"_bbp_reply_count_hidden":0,"_bbp_forum_subforum_count":0,"footnotes":""},"categories":[90,9,4],"tags":[],"class_list":["post-5860","post","type-post","status-publish","format-standard","hentry","category-ed-infantil","category-p5","category-portada"],"post_mailing_queue_ids":[],"_links":{"self":[{"href":"https:\/\/agora.xtec.cat\/ceipmisericordia-reus\/wp-json\/wp\/v2\/posts\/5860","targetHints":{"allow":["GET"]}}],"collection":[{"href":"https:\/\/agora.xtec.cat\/ceipmisericordia-reus\/wp-json\/wp\/v2\/posts"}],"about":[{"href":"https:\/\/agora.xtec.cat\/ceipmisericordia-reus\/wp-json\/wp\/v2\/types\/post"}],"author":[{"embeddable":true,"href":"https:\/\/agora.xtec.cat\/ceipmisericordia-reus\/wp-json\/wp\/v2\/users\/4"}],"replies":[{"embeddable":true,"href":"https:\/\/agora.xtec.cat\/ceipmisericordia-reus\/wp-json\/wp\/v2\/comments?post=5860"}],"version-history":[{"count":1,"href":"https:\/\/agora.xtec.cat\/ceipmisericordia-reus\/wp-json\/wp\/v2\/posts\/5860\/revisions"}],"predecessor-version":[{"id":5862,"href":"https:\/\/agora.xtec.cat\/ceipmisericordia-reus\/wp-json\/wp\/v2\/posts\/5860\/revisions\/5862"}],"wp:attachment":[{"href":"https:\/\/agora.xtec.cat\/ceipmisericordia-reus\/wp-json\/wp\/v2\/media?parent=5860"}],"wp:term":[{"taxonomy":"category","embeddable":true,"href":"https:\/\/agora.xtec.cat\/ceipmisericordia-reus\/wp-json\/wp\/v2\/categories?post=5860"},{"taxonomy":"post_tag","embeddable":true,"href":"https:\/\/agora.xtec.cat\/ceipmisericordia-reus\/wp-json\/wp\/v2\/tags?post=5860"}],"curies":[{"name":"wp","href":"https:\/\/api.w.org\/{rel}","templated":true}]}}