{"id":5828,"date":"2020-10-28T16:41:14","date_gmt":"2020-10-28T15:41:14","guid":{"rendered":"https:\/\/agora.xtec.cat\/ceipmisericordia-reus\/?p=5828"},"modified":"2020-10-28T16:45:47","modified_gmt":"2020-10-28T15:45:47","slug":"museu-de-reus-soc-cos","status":"publish","type":"post","link":"https:\/\/agora.xtec.cat\/ceipmisericordia-reus\/infantil\/museu-de-reus-soc-cos\/","title":{"rendered":"MUSEU DE REUS &#8220;S\u00f3c cos&#8221;"},"content":{"rendered":"<p>Ahir dia 27 d\u2019octubre, la classe de P4 va anar a visitar el Museu de Reus. Per tal d\u2019aprofitar el treball que estem fent a l\u2019aula sobre el cos i aprendre encara moltes m\u00e9s coses, la companyia C\u00f2dol ens va preparar una activitat s\u00faper divertida per treballar l\u2019expressi\u00f3 i esquema corporal: <strong><u>S\u00f3c cos!<\/u><\/strong><\/p>\n<p>Vam veure escultures, est\u00e0tues i bustos d\u2019artistes molt importants de la nostra ciutat, fins i tot vam fer d\u2019escultors, com ells!<\/p>\n<p>Mireu que b\u00e9 que ens ho vam passar!<\/p>\n<p>Moltes gr\u00e0cies als organitzadors.<\/p>\n<p>#VIULAP\u00daBLICA, #escolamisericordiadereus, #XarxaEscolesP\u00fabliquesReus, #Reus, #escola, #escoles, #escolesp\u00fabliques, #equitat, #escolap\u00fablicareus, #educaci\u00f3, #p\u00fablica, #inclusiva, #innovadora, #qualitat, #vivadiversaip\u00fablica #MuseudeReus #c\u00f2dol #s\u00f3ccos<\/p>\n<p><iframe loading=\"lazy\" title=\"MUSEU DE REUS &quot;S\u00f3c cos&quot;\" width=\"500\" height=\"281\" src=\"https:\/\/www.youtube.com\/embed\/1dLLiZhhCm0?feature=oembed\" frameborder=\"0\" allow=\"accelerometer; autoplay; clipboard-write; encrypted-media; gyroscope; picture-in-picture; web-share\" referrerpolicy=\"strict-origin-when-cross-origin\" allowfullscreen><\/iframe><\/p>\n","protected":false},"excerpt":{"rendered":"<p>Ahir dia 27 d\u2019octubre, la classe de P4 va anar a visitar el Museu de Reus. Per tal d\u2019aprofitar el treball que estem fent a l\u2019aula sobre el cos i aprendre encara moltes m\u00e9s coses, la companyia C\u00f2dol ens va preparar una activitat s\u00faper divertida&hellip;  <a href=\"https:\/\/agora.xtec.cat\/ceipmisericordia-reus\/infantil\/museu-de-reus-soc-cos\/\" title=\"Read MUSEU DE REUS &#8220;S\u00f3c cos&#8221;\">Llegeix m\u00e9s\u00bb<\/a><\/p>\n","protected":false},"author":4,"featured_media":5829,"comment_status":"open","ping_status":"closed","sticky":false,"template":"","format":"standard","meta":{"_bbp_topic_count":0,"_bbp_reply_count":0,"_bbp_total_topic_count":0,"_bbp_total_reply_count":0,"_bbp_voice_count":0,"_bbp_anonymous_reply_count":0,"_bbp_topic_count_hidden":0,"_bbp_reply_count_hidden":0,"_bbp_forum_subforum_count":0,"footnotes":""},"categories":[90,2,8,4],"tags":[],"class_list":["post-5828","post","type-post","status-publish","format-standard","has-post-thumbnail","hentry","category-ed-infantil","category-infantil","category-p4","category-portada"],"post_mailing_queue_ids":[],"_links":{"self":[{"href":"https:\/\/agora.xtec.cat\/ceipmisericordia-reus\/wp-json\/wp\/v2\/posts\/5828","targetHints":{"allow":["GET"]}}],"collection":[{"href":"https:\/\/agora.xtec.cat\/ceipmisericordia-reus\/wp-json\/wp\/v2\/posts"}],"about":[{"href":"https:\/\/agora.xtec.cat\/ceipmisericordia-reus\/wp-json\/wp\/v2\/types\/post"}],"author":[{"embeddable":true,"href":"https:\/\/agora.xtec.cat\/ceipmisericordia-reus\/wp-json\/wp\/v2\/users\/4"}],"replies":[{"embeddable":true,"href":"https:\/\/agora.xtec.cat\/ceipmisericordia-reus\/wp-json\/wp\/v2\/comments?post=5828"}],"version-history":[{"count":2,"href":"https:\/\/agora.xtec.cat\/ceipmisericordia-reus\/wp-json\/wp\/v2\/posts\/5828\/revisions"}],"predecessor-version":[{"id":5831,"href":"https:\/\/agora.xtec.cat\/ceipmisericordia-reus\/wp-json\/wp\/v2\/posts\/5828\/revisions\/5831"}],"wp:featuredmedia":[{"embeddable":true,"href":"https:\/\/agora.xtec.cat\/ceipmisericordia-reus\/wp-json\/wp\/v2\/media\/5829"}],"wp:attachment":[{"href":"https:\/\/agora.xtec.cat\/ceipmisericordia-reus\/wp-json\/wp\/v2\/media?parent=5828"}],"wp:term":[{"taxonomy":"category","embeddable":true,"href":"https:\/\/agora.xtec.cat\/ceipmisericordia-reus\/wp-json\/wp\/v2\/categories?post=5828"},{"taxonomy":"post_tag","embeddable":true,"href":"https:\/\/agora.xtec.cat\/ceipmisericordia-reus\/wp-json\/wp\/v2\/tags?post=5828"}],"curies":[{"name":"wp","href":"https:\/\/api.w.org\/{rel}","templated":true}]}}