{"id":5825,"date":"2020-10-28T15:07:53","date_gmt":"2020-10-28T14:07:53","guid":{"rendered":"https:\/\/agora.xtec.cat\/ceipmisericordia-reus\/?p=5825"},"modified":"2020-11-10T15:28:02","modified_gmt":"2020-11-10T14:28:02","slug":"el-gotic-una-finestra-oberta-al-passat","status":"publish","type":"post","link":"https:\/\/agora.xtec.cat\/ceipmisericordia-reus\/general\/el-gotic-una-finestra-oberta-al-passat\/","title":{"rendered":"EL G\u00d2TIC, UNA FINESTRA OBERTA AL PASSAT"},"content":{"rendered":"<p>Els alumnes de 6\u00e8 hem anat al museu de Reus on hem descobert les caracter\u00edstiques de l\u2019art g\u00f2tic i ens hem endinsat a l\u2019Edat Mitjana.<\/p>\n<p>A m\u00e9s, hem pogut gaudir de la col\u00b7lecci\u00f3 de taules g\u00f2tiques, retaules i escultures que es conserven al Museu de Reus.<\/p>\n<p><a href=\"https:\/\/youtu.be\/Rl1JsMZ8m-0\">https:\/\/youtu.be\/Rl1JsMZ8m-0<\/a><\/p>\n<p>#VIULAP\u00daBLICA, #escolamisericordiadereus, #XarxaEscolesP\u00fabliquesReus, #Reus, #escola, #escoles, #escolesp\u00fabliques, #equitat, #escolap\u00fablicareus, #educaci\u00f3, #p\u00fablica, #inclusiva, #innovadora, #qualitat, #vivadiversaip\u00fablica<\/p>\n","protected":false},"excerpt":{"rendered":"<p>Els alumnes de 6\u00e8 hem anat al museu de Reus on hem descobert les caracter\u00edstiques de l\u2019art g\u00f2tic i ens hem endinsat a l\u2019Edat Mitjana.<br \/>\nA m\u00e9s, hem pogut gaudir de la col\u00b7lecci\u00f3 de taules g\u00f2tiques, retaules i escultures que es conserven al Museu de Reus.<br \/>\n<a&hellip;  <a href=\"https:\/\/agora.xtec.cat\/ceipmisericordia-reus\/general\/el-gotic-una-finestra-oberta-al-passat\/\" title=\"Read EL G\u00d2TIC, UNA FINESTRA OBERTA AL PASSAT\">Llegeix m\u00e9s\u00bb<\/a><\/p>\n","protected":false},"author":4,"featured_media":0,"comment_status":"open","ping_status":"closed","sticky":false,"template":"","format":"standard","meta":{"_bbp_topic_count":0,"_bbp_reply_count":0,"_bbp_total_topic_count":0,"_bbp_total_reply_count":0,"_bbp_voice_count":0,"_bbp_anonymous_reply_count":0,"_bbp_topic_count_hidden":0,"_bbp_reply_count_hidden":0,"_bbp_forum_subforum_count":0,"footnotes":""},"categories":[15,80,91,1,97,4,5],"tags":[],"class_list":["post-5825","post","type-post","status-publish","format-standard","hentry","category-6e","category-cicle-superior","category-ed-primaria","category-general","category-noticies","category-portada","category-primaria"],"post_mailing_queue_ids":[],"_links":{"self":[{"href":"https:\/\/agora.xtec.cat\/ceipmisericordia-reus\/wp-json\/wp\/v2\/posts\/5825","targetHints":{"allow":["GET"]}}],"collection":[{"href":"https:\/\/agora.xtec.cat\/ceipmisericordia-reus\/wp-json\/wp\/v2\/posts"}],"about":[{"href":"https:\/\/agora.xtec.cat\/ceipmisericordia-reus\/wp-json\/wp\/v2\/types\/post"}],"author":[{"embeddable":true,"href":"https:\/\/agora.xtec.cat\/ceipmisericordia-reus\/wp-json\/wp\/v2\/users\/4"}],"replies":[{"embeddable":true,"href":"https:\/\/agora.xtec.cat\/ceipmisericordia-reus\/wp-json\/wp\/v2\/comments?post=5825"}],"version-history":[{"count":1,"href":"https:\/\/agora.xtec.cat\/ceipmisericordia-reus\/wp-json\/wp\/v2\/posts\/5825\/revisions"}],"predecessor-version":[{"id":5826,"href":"https:\/\/agora.xtec.cat\/ceipmisericordia-reus\/wp-json\/wp\/v2\/posts\/5825\/revisions\/5826"}],"wp:attachment":[{"href":"https:\/\/agora.xtec.cat\/ceipmisericordia-reus\/wp-json\/wp\/v2\/media?parent=5825"}],"wp:term":[{"taxonomy":"category","embeddable":true,"href":"https:\/\/agora.xtec.cat\/ceipmisericordia-reus\/wp-json\/wp\/v2\/categories?post=5825"},{"taxonomy":"post_tag","embeddable":true,"href":"https:\/\/agora.xtec.cat\/ceipmisericordia-reus\/wp-json\/wp\/v2\/tags?post=5825"}],"curies":[{"name":"wp","href":"https:\/\/api.w.org\/{rel}","templated":true}]}}