{"id":5762,"date":"2020-10-22T23:02:40","date_gmt":"2020-10-22T21:02:40","guid":{"rendered":"https:\/\/agora.xtec.cat\/ceipmisericordia-reus\/?p=5762"},"modified":"2020-10-24T00:25:13","modified_gmt":"2020-10-23T22:25:13","slug":"vivim-la-prehistoria-a-p5","status":"publish","type":"post","link":"https:\/\/agora.xtec.cat\/ceipmisericordia-reus\/portada\/vivim-la-prehistoria-a-p5\/","title":{"rendered":"Vivim la Prehist\u00f2ria a P5!"},"content":{"rendered":"<p>Hola fam\u00edlies!<\/p>\n<p>Aquesta setmana les i els alumnes de P5 hem treballat la Prehist\u00f2ria! Hem apr\u00e8s moltes coses diferents: com vestien, qu\u00e8 menjaven, on vivien, quines coses van descobrir\u2026 Fins i tot, hem descobert que pint\u00e0vem amb carb\u00f3 i elements de la natura!<\/p>\n<p>Per aix\u00f2, vam voler crear la nostra pr\u00f2pia pintura rupestre utilitzant colorant alimentari,<\/p>\n<p>infusions i carb\u00f3! A m\u00e9s a m\u00e9s, ens vam pintar les mans i les vam estampar! Igual que les i els homes de la Prehist\u00f2ria feien per poder-se comunicar.<\/p>\n<p><img loading=\"lazy\" decoding=\"async\" class=\"aligncenter wp-image-5763 \" style=\"text-align: right;\" src=\"https:\/\/agora.xtec.cat\/ceipmisericordia-reus\/wp-content\/uploads\/usu2066\/2020\/10\/WhatsApp-Image-2020-10-22-at-22.27.41-1024x482.jpeg\" alt=\"\" width=\"504\" height=\"237\" srcset=\"https:\/\/agora.xtec.cat\/ceipmisericordia-reus\/wp-content\/uploads\/usu2066\/2020\/10\/WhatsApp-Image-2020-10-22-at-22.27.41-1024x482.jpeg 1024w, https:\/\/agora.xtec.cat\/ceipmisericordia-reus\/wp-content\/uploads\/usu2066\/2020\/10\/WhatsApp-Image-2020-10-22-at-22.27.41-300x141.jpeg 300w, https:\/\/agora.xtec.cat\/ceipmisericordia-reus\/wp-content\/uploads\/usu2066\/2020\/10\/WhatsApp-Image-2020-10-22-at-22.27.41-768x362.jpeg 768w, https:\/\/agora.xtec.cat\/ceipmisericordia-reus\/wp-content\/uploads\/usu2066\/2020\/10\/WhatsApp-Image-2020-10-22-at-22.27.41.jpeg 1965w\" sizes=\"auto, (max-width: 504px) 100vw, 504px\" \/><\/p>\n<p>Per\u00f2, per tal de descobrir m\u00e9s coses, avui hem fet una sortida al Museu de Reus per fer el taller de \u201cLa Prehist\u00f2ria a cau d\u2019orella\u201d!<a href=\"https:\/\/agora.xtec.cat\/ceipmisericordia-reus\/wp-content\/uploads\/usu2066\/2020\/10\/IMG_20201022_091003-1.jpg\"><img loading=\"lazy\" decoding=\"async\" class=\"wp-image-5765 aligncenter\" src=\"https:\/\/agora.xtec.cat\/ceipmisericordia-reus\/wp-content\/uploads\/usu2066\/2020\/10\/IMG_20201022_091003-1-224x300.jpg\" alt=\"\" width=\"262\" height=\"350\" srcset=\"https:\/\/agora.xtec.cat\/ceipmisericordia-reus\/wp-content\/uploads\/usu2066\/2020\/10\/IMG_20201022_091003-1-224x300.jpg 224w, https:\/\/agora.xtec.cat\/ceipmisericordia-reus\/wp-content\/uploads\/usu2066\/2020\/10\/IMG_20201022_091003-1-768x1028.jpg 768w, https:\/\/agora.xtec.cat\/ceipmisericordia-reus\/wp-content\/uploads\/usu2066\/2020\/10\/IMG_20201022_091003-1-765x1024.jpg 765w, https:\/\/agora.xtec.cat\/ceipmisericordia-reus\/wp-content\/uploads\/usu2066\/2020\/10\/IMG_20201022_091003-1.jpg 1949w\" sizes=\"auto, (max-width: 262px) 100vw, 262px\" \/><\/a><\/p>\n<p>&nbsp;<\/p>\n<p>Ha estat una sortida fant\u00e0stica! Hem fet m\u00fasica i sons de la natura amb molts instruments i eines diferents!<\/p>\n<p data-wp-editing=\"1\"><img loading=\"lazy\" decoding=\"async\" class=\"wp-image-5769 alignnone\" src=\"https:\/\/agora.xtec.cat\/ceipmisericordia-reus\/wp-content\/uploads\/usu2066\/2020\/10\/IMG-20201022-WA0026-768x1024.jpg\" alt=\"\" width=\"290\" height=\"387\" srcset=\"https:\/\/agora.xtec.cat\/ceipmisericordia-reus\/wp-content\/uploads\/usu2066\/2020\/10\/IMG-20201022-WA0026-768x1024.jpg 768w, https:\/\/agora.xtec.cat\/ceipmisericordia-reus\/wp-content\/uploads\/usu2066\/2020\/10\/IMG-20201022-WA0026-225x300.jpg 225w, https:\/\/agora.xtec.cat\/ceipmisericordia-reus\/wp-content\/uploads\/usu2066\/2020\/10\/IMG-20201022-WA0026.jpg 1200w\" sizes=\"auto, (max-width: 290px) 100vw, 290px\" \/><a href=\"https:\/\/agora.xtec.cat\/ceipmisericordia-reus\/wp-content\/uploads\/usu2066\/2020\/10\/IMG-20201022-WA0012.jpg\"><img loading=\"lazy\" decoding=\"async\" class=\"wp-image-5766 alignnone\" src=\"https:\/\/agora.xtec.cat\/ceipmisericordia-reus\/wp-content\/uploads\/usu2066\/2020\/10\/IMG-20201022-WA0012-1024x768.jpg\" alt=\"\" width=\"517\" height=\"388\" srcset=\"https:\/\/agora.xtec.cat\/ceipmisericordia-reus\/wp-content\/uploads\/usu2066\/2020\/10\/IMG-20201022-WA0012-1024x768.jpg 1024w, https:\/\/agora.xtec.cat\/ceipmisericordia-reus\/wp-content\/uploads\/usu2066\/2020\/10\/IMG-20201022-WA0012-300x225.jpg 300w, https:\/\/agora.xtec.cat\/ceipmisericordia-reus\/wp-content\/uploads\/usu2066\/2020\/10\/IMG-20201022-WA0012-768x576.jpg 768w, https:\/\/agora.xtec.cat\/ceipmisericordia-reus\/wp-content\/uploads\/usu2066\/2020\/10\/IMG-20201022-WA0012-200x150.jpg 200w, https:\/\/agora.xtec.cat\/ceipmisericordia-reus\/wp-content\/uploads\/usu2066\/2020\/10\/IMG-20201022-WA0012.jpg 1600w\" sizes=\"auto, (max-width: 517px) 100vw, 517px\" \/><\/a><img loading=\"lazy\" decoding=\"async\" class=\"wp-image-5767 alignnone\" src=\"https:\/\/agora.xtec.cat\/ceipmisericordia-reus\/wp-content\/uploads\/usu2066\/2020\/10\/IMG-20201022-WA0017-1024x768.jpg\" alt=\"\" width=\"422\" height=\"316\" srcset=\"https:\/\/agora.xtec.cat\/ceipmisericordia-reus\/wp-content\/uploads\/usu2066\/2020\/10\/IMG-20201022-WA0017-1024x768.jpg 1024w, https:\/\/agora.xtec.cat\/ceipmisericordia-reus\/wp-content\/uploads\/usu2066\/2020\/10\/IMG-20201022-WA0017-300x225.jpg 300w, https:\/\/agora.xtec.cat\/ceipmisericordia-reus\/wp-content\/uploads\/usu2066\/2020\/10\/IMG-20201022-WA0017-768x576.jpg 768w, https:\/\/agora.xtec.cat\/ceipmisericordia-reus\/wp-content\/uploads\/usu2066\/2020\/10\/IMG-20201022-WA0017-200x150.jpg 200w, https:\/\/agora.xtec.cat\/ceipmisericordia-reus\/wp-content\/uploads\/usu2066\/2020\/10\/IMG-20201022-WA0017.jpg 1600w\" sizes=\"auto, (max-width: 422px) 100vw, 422px\" \/><a href=\"https:\/\/agora.xtec.cat\/ceipmisericordia-reus\/wp-content\/uploads\/usu2066\/2020\/10\/IMG_20201022_101350.jpg\"><img loading=\"lazy\" decoding=\"async\" class=\" wp-image-5770 alignnone\" src=\"https:\/\/agora.xtec.cat\/ceipmisericordia-reus\/wp-content\/uploads\/usu2066\/2020\/10\/IMG_20201022_101350-192x300.jpg\" alt=\"\" width=\"202\" height=\"316\" srcset=\"https:\/\/agora.xtec.cat\/ceipmisericordia-reus\/wp-content\/uploads\/usu2066\/2020\/10\/IMG_20201022_101350-192x300.jpg 192w, https:\/\/agora.xtec.cat\/ceipmisericordia-reus\/wp-content\/uploads\/usu2066\/2020\/10\/IMG_20201022_101350-768x1198.jpg 768w, https:\/\/agora.xtec.cat\/ceipmisericordia-reus\/wp-content\/uploads\/usu2066\/2020\/10\/IMG_20201022_101350-656x1024.jpg 656w\" sizes=\"auto, (max-width: 202px) 100vw, 202px\" \/><\/a><a href=\"https:\/\/agora.xtec.cat\/ceipmisericordia-reus\/wp-content\/uploads\/usu2066\/2020\/10\/IMG_20201022_111029.jpg\"><img loading=\"lazy\" decoding=\"async\" class=\"wp-image-5771 alignnone\" src=\"https:\/\/agora.xtec.cat\/ceipmisericordia-reus\/wp-content\/uploads\/usu2066\/2020\/10\/IMG_20201022_111029-566x1024.jpg\" alt=\"\" width=\"174\" height=\"314\" srcset=\"https:\/\/agora.xtec.cat\/ceipmisericordia-reus\/wp-content\/uploads\/usu2066\/2020\/10\/IMG_20201022_111029-566x1024.jpg 566w, https:\/\/agora.xtec.cat\/ceipmisericordia-reus\/wp-content\/uploads\/usu2066\/2020\/10\/IMG_20201022_111029-166x300.jpg 166w, https:\/\/agora.xtec.cat\/ceipmisericordia-reus\/wp-content\/uploads\/usu2066\/2020\/10\/IMG_20201022_111029-768x1390.jpg 768w\" sizes=\"auto, (max-width: 174px) 100vw, 174px\" \/><\/a><a href=\"https:\/\/agora.xtec.cat\/ceipmisericordia-reus\/wp-content\/uploads\/usu2066\/2020\/10\/IMG_20201022_095340.jpg\"><img loading=\"lazy\" decoding=\"async\" class=\"alignnone wp-image-5772 \" src=\"https:\/\/agora.xtec.cat\/ceipmisericordia-reus\/wp-content\/uploads\/usu2066\/2020\/10\/IMG_20201022_095340-569x1024.jpg\" alt=\"\" width=\"181\" height=\"325\" srcset=\"https:\/\/agora.xtec.cat\/ceipmisericordia-reus\/wp-content\/uploads\/usu2066\/2020\/10\/IMG_20201022_095340-569x1024.jpg 569w, https:\/\/agora.xtec.cat\/ceipmisericordia-reus\/wp-content\/uploads\/usu2066\/2020\/10\/IMG_20201022_095340-167x300.jpg 167w, https:\/\/agora.xtec.cat\/ceipmisericordia-reus\/wp-content\/uploads\/usu2066\/2020\/10\/IMG_20201022_095340-768x1383.jpg 768w, https:\/\/agora.xtec.cat\/ceipmisericordia-reus\/wp-content\/uploads\/usu2066\/2020\/10\/IMG_20201022_095340.jpg 1879w\" sizes=\"auto, (max-width: 181px) 100vw, 181px\" \/><\/a> \u00a0<a href=\"https:\/\/agora.xtec.cat\/ceipmisericordia-reus\/wp-content\/uploads\/usu2066\/2020\/10\/IMG_20201022_095707.jpg\"><img loading=\"lazy\" decoding=\"async\" class=\" wp-image-5773 alignnone\" src=\"https:\/\/agora.xtec.cat\/ceipmisericordia-reus\/wp-content\/uploads\/usu2066\/2020\/10\/IMG_20201022_095707-188x300.jpg\" alt=\"\" width=\"205\" height=\"327\" srcset=\"https:\/\/agora.xtec.cat\/ceipmisericordia-reus\/wp-content\/uploads\/usu2066\/2020\/10\/IMG_20201022_095707-188x300.jpg 188w, https:\/\/agora.xtec.cat\/ceipmisericordia-reus\/wp-content\/uploads\/usu2066\/2020\/10\/IMG_20201022_095707-768x1223.jpg 768w, https:\/\/agora.xtec.cat\/ceipmisericordia-reus\/wp-content\/uploads\/usu2066\/2020\/10\/IMG_20201022_095707-643x1024.jpg 643w\" sizes=\"auto, (max-width: 205px) 100vw, 205px\" \/><\/a><a href=\"https:\/\/agora.xtec.cat\/ceipmisericordia-reus\/wp-content\/uploads\/usu2066\/2020\/10\/IMG_20201022_095713.jpg\"><img loading=\"lazy\" decoding=\"async\" class=\"wp-image-5775 alignnone\" src=\"https:\/\/agora.xtec.cat\/ceipmisericordia-reus\/wp-content\/uploads\/usu2066\/2020\/10\/IMG_20201022_095713-664x1024.jpg\" alt=\"\" width=\"211\" height=\"325\" srcset=\"https:\/\/agora.xtec.cat\/ceipmisericordia-reus\/wp-content\/uploads\/usu2066\/2020\/10\/IMG_20201022_095713-664x1024.jpg 664w, https:\/\/agora.xtec.cat\/ceipmisericordia-reus\/wp-content\/uploads\/usu2066\/2020\/10\/IMG_20201022_095713-195x300.jpg 195w, https:\/\/agora.xtec.cat\/ceipmisericordia-reus\/wp-content\/uploads\/usu2066\/2020\/10\/IMG_20201022_095713-768x1184.jpg 768w\" sizes=\"auto, (max-width: 211px) 100vw, 211px\" \/><\/a><\/p>\n<p data-wp-editing=\"1\">Despr\u00e9s, ens hem posat a la pell de les dones i homes prehist\u00f2rics on fins i tot, ens hem pogut vestir com ells!<\/p>\n<p data-wp-editing=\"1\">Per acabar, ens han ensenyat a fer un instrument musical utilitzant fulles i fusta!<\/p>\n<p data-wp-editing=\"1\">Ens ho hem passat molt b\u00e9!<\/p>\n<p>&nbsp;<\/p>\n<p>&nbsp;<\/p>\n<p>&nbsp;<\/p>\n<p><a href=\"https:\/\/agora.xtec.cat\/ceipmisericordia-reus\/wp-content\/uploads\/usu2066\/2020\/10\/WhatsApp-Image-2020-10-22-at-22.54.08.jpeg\"><img loading=\"lazy\" decoding=\"async\" class=\"wp-image-5776 aligncenter\" src=\"https:\/\/agora.xtec.cat\/ceipmisericordia-reus\/wp-content\/uploads\/usu2066\/2020\/10\/WhatsApp-Image-2020-10-22-at-22.54.08-300x189.jpeg\" alt=\"\" width=\"263\" height=\"166\" srcset=\"https:\/\/agora.xtec.cat\/ceipmisericordia-reus\/wp-content\/uploads\/usu2066\/2020\/10\/WhatsApp-Image-2020-10-22-at-22.54.08-300x189.jpeg 300w, https:\/\/agora.xtec.cat\/ceipmisericordia-reus\/wp-content\/uploads\/usu2066\/2020\/10\/WhatsApp-Image-2020-10-22-at-22.54.08-768x483.jpeg 768w, https:\/\/agora.xtec.cat\/ceipmisericordia-reus\/wp-content\/uploads\/usu2066\/2020\/10\/WhatsApp-Image-2020-10-22-at-22.54.08-1024x644.jpeg 1024w, https:\/\/agora.xtec.cat\/ceipmisericordia-reus\/wp-content\/uploads\/usu2066\/2020\/10\/WhatsApp-Image-2020-10-22-at-22.54.08.jpeg 1243w\" sizes=\"auto, (max-width: 263px) 100vw, 263px\" \/><\/a><\/p>\n<p>&nbsp;<\/p>\n","protected":false},"excerpt":{"rendered":"<p>Hola fam\u00edlies!<br \/>\nAquesta setmana les i els alumnes de P5 hem treballat la Prehist\u00f2ria! Hem apr\u00e8s moltes coses diferents: com vestien, qu\u00e8 menjaven, on vivien, quines coses van descobrir\u2026 Fins i tot, hem descobert que pint\u00e0vem amb carb\u00f3 i elements de la natura!<br \/>\nPer aix\u00f2, vam voler&hellip;  <a href=\"https:\/\/agora.xtec.cat\/ceipmisericordia-reus\/portada\/vivim-la-prehistoria-a-p5\/\" title=\"Read Vivim la Prehist\u00f2ria a P5!\">Llegeix m\u00e9s\u00bb<\/a><\/p>\n","protected":false},"author":4,"featured_media":0,"comment_status":"open","ping_status":"closed","sticky":false,"template":"","format":"standard","meta":{"_bbp_topic_count":0,"_bbp_reply_count":0,"_bbp_total_topic_count":0,"_bbp_total_reply_count":0,"_bbp_voice_count":0,"_bbp_anonymous_reply_count":0,"_bbp_topic_count_hidden":0,"_bbp_reply_count_hidden":0,"_bbp_forum_subforum_count":0,"footnotes":""},"categories":[90,9,4],"tags":[],"class_list":["post-5762","post","type-post","status-publish","format-standard","hentry","category-ed-infantil","category-p5","category-portada"],"post_mailing_queue_ids":[],"_links":{"self":[{"href":"https:\/\/agora.xtec.cat\/ceipmisericordia-reus\/wp-json\/wp\/v2\/posts\/5762","targetHints":{"allow":["GET"]}}],"collection":[{"href":"https:\/\/agora.xtec.cat\/ceipmisericordia-reus\/wp-json\/wp\/v2\/posts"}],"about":[{"href":"https:\/\/agora.xtec.cat\/ceipmisericordia-reus\/wp-json\/wp\/v2\/types\/post"}],"author":[{"embeddable":true,"href":"https:\/\/agora.xtec.cat\/ceipmisericordia-reus\/wp-json\/wp\/v2\/users\/4"}],"replies":[{"embeddable":true,"href":"https:\/\/agora.xtec.cat\/ceipmisericordia-reus\/wp-json\/wp\/v2\/comments?post=5762"}],"version-history":[{"count":4,"href":"https:\/\/agora.xtec.cat\/ceipmisericordia-reus\/wp-json\/wp\/v2\/posts\/5762\/revisions"}],"predecessor-version":[{"id":5793,"href":"https:\/\/agora.xtec.cat\/ceipmisericordia-reus\/wp-json\/wp\/v2\/posts\/5762\/revisions\/5793"}],"wp:attachment":[{"href":"https:\/\/agora.xtec.cat\/ceipmisericordia-reus\/wp-json\/wp\/v2\/media?parent=5762"}],"wp:term":[{"taxonomy":"category","embeddable":true,"href":"https:\/\/agora.xtec.cat\/ceipmisericordia-reus\/wp-json\/wp\/v2\/categories?post=5762"},{"taxonomy":"post_tag","embeddable":true,"href":"https:\/\/agora.xtec.cat\/ceipmisericordia-reus\/wp-json\/wp\/v2\/tags?post=5762"}],"curies":[{"name":"wp","href":"https:\/\/api.w.org\/{rel}","templated":true}]}}