{"id":5731,"date":"2020-10-13T18:47:22","date_gmt":"2020-10-13T16:47:22","guid":{"rendered":"https:\/\/agora.xtec.cat\/ceipmisericordia-reus\/?p=5731"},"modified":"2020-10-13T18:47:22","modified_gmt":"2020-10-13T16:47:22","slug":"el-museu-quina-mina","status":"publish","type":"post","link":"https:\/\/agora.xtec.cat\/ceipmisericordia-reus\/portada\/el-museu-quina-mina\/","title":{"rendered":"El Museu, quina mina!"},"content":{"rendered":"<p><span style=\"color: rgba(0, 0, 0, 0.87); font-family: Roboto, Noto, sans-serif; font-size: 15px; white-space: pre-wrap;\">Avui, dimarts 13 d&#8217;octubre, els alumnes de 5\u00e8 hem anat al Museu de Reus a realitzar el taller: El Museu, quina mina!, organitzat per C\u00f2dol. Hem conegut els principals minerals, i n&#8217;hem vist les seves propietats i utilitats: n&#8217;hi ha de tous i de durs, de transl\u00facids i d&#8217;opacs, alguns brillen en la foscor&#8230; Ens ha agradat molt el taller. Moltes gr\u00e0cies!!!<\/span><\/p>\n<p><a style=\"color: #2795b6; font-family: Roboto, Noto, sans-serif; font-size: 15px; white-space: pre-wrap;\" href=\"https:\/\/youtu.be\/2ZoMAsdKRpo\">https:\/\/youtu.be\/2ZoMAsdKRpo<\/a><span style=\"color: rgba(0, 0, 0, 0.87); font-family: Roboto, Noto, sans-serif; font-size: 15px; white-space: pre-wrap;\"><br \/>\n<\/span><\/p>\n<p>#VIULAP\u00daBLICA, #escolamisericordiadereus, #XarxaEscolesP\u00fabliquesReus, #Reus, #escola, #escoles, #escolesp\u00fabliques, #equitat, #escolap\u00fablicareus, #educaci\u00f3, #p\u00fablica, #inclusiva, #innovadora, #qualitat, #vivadiversaip\u00fablica<\/p>\n<p>&nbsp;<\/p>\n","protected":false},"excerpt":{"rendered":"<p>Avui, dimarts 13 d&#8217;octubre, els alumnes de 5\u00e8 hem anat al Museu de Reus a realitzar el taller: El Museu, quina mina!, organitzat per C\u00f2dol. Hem conegut els principals minerals, i n&#8217;hem vist les seves propietats i utilitats: n&#8217;hi ha de tous i de durs,&hellip;  <a href=\"https:\/\/agora.xtec.cat\/ceipmisericordia-reus\/portada\/el-museu-quina-mina\/\" title=\"Read El Museu, quina mina!\">Llegeix m\u00e9s\u00bb<\/a><\/p>\n","protected":false},"author":4,"featured_media":5732,"comment_status":"open","ping_status":"closed","sticky":false,"template":"","format":"standard","meta":{"_bbp_topic_count":0,"_bbp_reply_count":0,"_bbp_total_topic_count":0,"_bbp_total_reply_count":0,"_bbp_voice_count":0,"_bbp_anonymous_reply_count":0,"_bbp_topic_count_hidden":0,"_bbp_reply_count_hidden":0,"_bbp_forum_subforum_count":0,"footnotes":""},"categories":[14,80,91,4],"tags":[],"class_list":["post-5731","post","type-post","status-publish","format-standard","has-post-thumbnail","hentry","category-5e","category-cicle-superior","category-ed-primaria","category-portada"],"post_mailing_queue_ids":[],"_links":{"self":[{"href":"https:\/\/agora.xtec.cat\/ceipmisericordia-reus\/wp-json\/wp\/v2\/posts\/5731","targetHints":{"allow":["GET"]}}],"collection":[{"href":"https:\/\/agora.xtec.cat\/ceipmisericordia-reus\/wp-json\/wp\/v2\/posts"}],"about":[{"href":"https:\/\/agora.xtec.cat\/ceipmisericordia-reus\/wp-json\/wp\/v2\/types\/post"}],"author":[{"embeddable":true,"href":"https:\/\/agora.xtec.cat\/ceipmisericordia-reus\/wp-json\/wp\/v2\/users\/4"}],"replies":[{"embeddable":true,"href":"https:\/\/agora.xtec.cat\/ceipmisericordia-reus\/wp-json\/wp\/v2\/comments?post=5731"}],"version-history":[{"count":1,"href":"https:\/\/agora.xtec.cat\/ceipmisericordia-reus\/wp-json\/wp\/v2\/posts\/5731\/revisions"}],"predecessor-version":[{"id":5733,"href":"https:\/\/agora.xtec.cat\/ceipmisericordia-reus\/wp-json\/wp\/v2\/posts\/5731\/revisions\/5733"}],"wp:featuredmedia":[{"embeddable":true,"href":"https:\/\/agora.xtec.cat\/ceipmisericordia-reus\/wp-json\/wp\/v2\/media\/5732"}],"wp:attachment":[{"href":"https:\/\/agora.xtec.cat\/ceipmisericordia-reus\/wp-json\/wp\/v2\/media?parent=5731"}],"wp:term":[{"taxonomy":"category","embeddable":true,"href":"https:\/\/agora.xtec.cat\/ceipmisericordia-reus\/wp-json\/wp\/v2\/categories?post=5731"},{"taxonomy":"post_tag","embeddable":true,"href":"https:\/\/agora.xtec.cat\/ceipmisericordia-reus\/wp-json\/wp\/v2\/tags?post=5731"}],"curies":[{"name":"wp","href":"https:\/\/api.w.org\/{rel}","templated":true}]}}