{"id":5573,"date":"2020-06-19T07:27:50","date_gmt":"2020-06-19T05:27:50","guid":{"rendered":"https:\/\/agora.xtec.cat\/ceipmisericordia-reus\/?p=5573"},"modified":"2020-06-19T07:25:43","modified_gmt":"2020-06-19T05:25:43","slug":"festa-virtual-de-final-del-curs-2019-20-comiat-dels-alumnes-de-6e","status":"publish","type":"post","link":"https:\/\/agora.xtec.cat\/ceipmisericordia-reus\/general\/festa-virtual-de-final-del-curs-2019-20-comiat-dels-alumnes-de-6e\/","title":{"rendered":"Festa Virtual de Final del Curs 2019\/20. Comiat dels alumnes de 6\u00e8."},"content":{"rendered":"<p>Avui, 19 de Juny de 2020, celebrem la Festa Virtual de Final de Curs 2019\/20 i el comiat dels nostres alumnes de 6\u00e8.<\/p>\n<p><a href=\"https:\/\/youtu.be\/aEKpotWdpn4\">Aqu\u00ed teniu la nostra festa<\/a>:<\/p>\n<p><iframe loading=\"lazy\" title=\"Festa Final Curs 2019 20\" width=\"500\" height=\"281\" src=\"https:\/\/www.youtube.com\/embed\/aEKpotWdpn4?feature=oembed\" frameborder=\"0\" allow=\"accelerometer; autoplay; clipboard-write; encrypted-media; gyroscope; picture-in-picture; web-share\" referrerpolicy=\"strict-origin-when-cross-origin\" allowfullscreen><\/iframe><\/p>\n<p><span style=\"font-weight: 400;\">#VIULAP\u00daBLICA\u00a0<\/span><span style=\"font-weight: 400;\">#escolamisericordiadereus <\/span><span style=\"font-weight: 400;\">#XarxaEscolesP\u00fabliquesReus\u00a0<\/span><span style=\"font-weight: 400;\">#Reus #escola #escoles #escolesp\u00fabliques #equitat #escolap\u00fabicareus #educaci\u00f3 #p\u00fablica #inclusiva #innovadora #qualitat #vivadiversaip\u00fablica<\/span><\/p>\n","protected":false},"excerpt":{"rendered":"<p>Avui, 19 de Juny de 2020, celebrem la Festa Virtual de Final de Curs 2019\/20 i el comiat dels nostres alumnes de 6\u00e8.<br \/>\n<a href=\"https:\/\/youtu.be\/aEKpotWdpn4\">Aqu\u00ed teniu la nostra festa<\/a>:<\/p>\n<p>#VIULAP\u00daBLICA\u00a0#escolamisericordiadereus #XarxaEscolesP\u00fabliquesReus\u00a0#Reus #escola #escoles #escolesp\u00fabliques #equitat #escolap\u00fabicareus #educaci\u00f3 #p\u00fablica #inclusiva #innovadora #qualitat #vivadiversaip\u00fablica<\/p>\n","protected":false},"author":4,"featured_media":0,"comment_status":"open","ping_status":"closed","sticky":false,"template":"","format":"standard","meta":{"_bbp_topic_count":0,"_bbp_reply_count":0,"_bbp_total_topic_count":0,"_bbp_total_reply_count":0,"_bbp_voice_count":0,"_bbp_anonymous_reply_count":0,"_bbp_topic_count_hidden":0,"_bbp_reply_count_hidden":0,"_bbp_forum_subforum_count":0,"footnotes":""},"categories":[92,7,74,79,80,90,91,65,76,108,1,101,81,97,4],"tags":[],"class_list":["post-5573","post","type-post","status-publish","format-standard","hentry","category-activitats-al-centre","category-ampa","category-cicle-inicial","category-cicle-mitja","category-cicle-superior","category-ed-infantil","category-ed-primaria","category-fem-coral","category-festes","category-festes-i-tradicions-populars","category-general","category-mestres","category-musica","category-noticies","category-portada"],"post_mailing_queue_ids":[],"_links":{"self":[{"href":"https:\/\/agora.xtec.cat\/ceipmisericordia-reus\/wp-json\/wp\/v2\/posts\/5573","targetHints":{"allow":["GET"]}}],"collection":[{"href":"https:\/\/agora.xtec.cat\/ceipmisericordia-reus\/wp-json\/wp\/v2\/posts"}],"about":[{"href":"https:\/\/agora.xtec.cat\/ceipmisericordia-reus\/wp-json\/wp\/v2\/types\/post"}],"author":[{"embeddable":true,"href":"https:\/\/agora.xtec.cat\/ceipmisericordia-reus\/wp-json\/wp\/v2\/users\/4"}],"replies":[{"embeddable":true,"href":"https:\/\/agora.xtec.cat\/ceipmisericordia-reus\/wp-json\/wp\/v2\/comments?post=5573"}],"version-history":[{"count":3,"href":"https:\/\/agora.xtec.cat\/ceipmisericordia-reus\/wp-json\/wp\/v2\/posts\/5573\/revisions"}],"predecessor-version":[{"id":5595,"href":"https:\/\/agora.xtec.cat\/ceipmisericordia-reus\/wp-json\/wp\/v2\/posts\/5573\/revisions\/5595"}],"wp:attachment":[{"href":"https:\/\/agora.xtec.cat\/ceipmisericordia-reus\/wp-json\/wp\/v2\/media?parent=5573"}],"wp:term":[{"taxonomy":"category","embeddable":true,"href":"https:\/\/agora.xtec.cat\/ceipmisericordia-reus\/wp-json\/wp\/v2\/categories?post=5573"},{"taxonomy":"post_tag","embeddable":true,"href":"https:\/\/agora.xtec.cat\/ceipmisericordia-reus\/wp-json\/wp\/v2\/tags?post=5573"}],"curies":[{"name":"wp","href":"https:\/\/api.w.org\/{rel}","templated":true}]}}