{"id":5507,"date":"2020-06-05T09:14:38","date_gmt":"2020-06-05T07:14:38","guid":{"rendered":"https:\/\/agora.xtec.cat\/ceipmisericordia-reus\/?p=5507"},"modified":"2020-06-05T09:17:40","modified_gmt":"2020-06-05T07:17:40","slug":"no-ens-desdibuixeu","status":"publish","type":"post","link":"https:\/\/agora.xtec.cat\/ceipmisericordia-reus\/general\/no-ens-desdibuixeu\/","title":{"rendered":"No ens desdibuixeu"},"content":{"rendered":"<p>Des de l&#8217;Escola Miseric\u00f2rdia i, coincidint amb la diada del medi ambient el dia 5 de juny, ens afegim a la proposta que se&#8217;ns proposa de fer sentir les veus de tothom cantant <strong style=\"font-family: inherit; font-size: 1em;\"><em>No Ens Desdibuixeu <\/em><\/strong><span style=\"font-family: inherit; font-size: 1em;\">de la campanya <\/span><strong style=\"font-family: inherit; font-size: 1em;\">DONA LA NOTA, encara hi som a temps<\/strong><strong style=\"font-family: inherit; font-size: 1em;\">. <\/strong><strong style=\"font-family: inherit; font-size: 1em;\">#VIULAP\u00daBLICA #escolamisericordiadereus #XarxaEscolesP\u00fabliquesReus #Reus #escola #escoles #escolesp\u00fabliques #equitat #escolap\u00fabicareus #educaci\u00f3 #p\u00fablica #inclusiva #innovadora #qualitat #vivadiversaip\u00fablica@donalanota #encarahisomatemps #donalanota2020 #donalanotadesdecasa<\/strong><\/p>\n<p>Per a veure el nostre v\u00eddeo <a href=\"https:\/\/youtu.be\/000KdrkrWQ4\">clickeu<\/a>:<a href=\"https:\/\/youtu.be\/000KdrkrWQ4\"><img loading=\"lazy\" decoding=\"async\" class=\"attachment-266x266 size-266x266\" src=\"https:\/\/agora.xtec.cat\/ceipmisericordia-reus\/wp-content\/uploads\/usu2066\/2020\/06\/0-1.jpg\" sizes=\"auto, (max-width: 266px) 100vw, 266px\" srcset=\"https:\/\/agora.xtec.cat\/ceipmisericordia-reus\/wp-content\/uploads\/usu2066\/2020\/06\/0-1.jpg 480w, https:\/\/agora.xtec.cat\/ceipmisericordia-reus\/wp-content\/uploads\/usu2066\/2020\/06\/0-1-300x225.jpg 300w, https:\/\/agora.xtec.cat\/ceipmisericordia-reus\/wp-content\/uploads\/usu2066\/2020\/06\/0-1-200x150.jpg 200w\" alt=\"\" width=\"266\" height=\"200\" \/><\/a><\/p>\n<p><a href=\"https:\/\/youtu.be\/000KdrkrWQ4\"> https:\/\/youtu.be\/000KdrkrWQ4<\/a><\/p>\n<p>&nbsp;<\/p>\n","protected":false},"excerpt":{"rendered":"<p>Des de l&#8217;Escola Miseric\u00f2rdia i, coincidint amb la diada del medi ambient el dia 5 de juny, ens afegim a la proposta que se&#8217;ns proposa de fer sentir les veus de tothom cantant No Ens Desdibuixeu de la campanya DONA LA NOTA, encara hi som&hellip;  <a href=\"https:\/\/agora.xtec.cat\/ceipmisericordia-reus\/general\/no-ens-desdibuixeu\/\" title=\"Read No ens desdibuixeu\">Llegeix m\u00e9s\u00bb<\/a><\/p>\n","protected":false},"author":4,"featured_media":5508,"comment_status":"open","ping_status":"closed","sticky":false,"template":"","format":"standard","meta":{"_bbp_topic_count":0,"_bbp_reply_count":0,"_bbp_total_topic_count":0,"_bbp_total_reply_count":0,"_bbp_voice_count":0,"_bbp_anonymous_reply_count":0,"_bbp_topic_count_hidden":0,"_bbp_reply_count_hidden":0,"_bbp_forum_subforum_count":0,"footnotes":""},"categories":[74,79,80,1,4],"tags":[],"class_list":["post-5507","post","type-post","status-publish","format-standard","has-post-thumbnail","hentry","category-cicle-inicial","category-cicle-mitja","category-cicle-superior","category-general","category-portada"],"post_mailing_queue_ids":[],"_links":{"self":[{"href":"https:\/\/agora.xtec.cat\/ceipmisericordia-reus\/wp-json\/wp\/v2\/posts\/5507","targetHints":{"allow":["GET"]}}],"collection":[{"href":"https:\/\/agora.xtec.cat\/ceipmisericordia-reus\/wp-json\/wp\/v2\/posts"}],"about":[{"href":"https:\/\/agora.xtec.cat\/ceipmisericordia-reus\/wp-json\/wp\/v2\/types\/post"}],"author":[{"embeddable":true,"href":"https:\/\/agora.xtec.cat\/ceipmisericordia-reus\/wp-json\/wp\/v2\/users\/4"}],"replies":[{"embeddable":true,"href":"https:\/\/agora.xtec.cat\/ceipmisericordia-reus\/wp-json\/wp\/v2\/comments?post=5507"}],"version-history":[{"count":3,"href":"https:\/\/agora.xtec.cat\/ceipmisericordia-reus\/wp-json\/wp\/v2\/posts\/5507\/revisions"}],"predecessor-version":[{"id":5511,"href":"https:\/\/agora.xtec.cat\/ceipmisericordia-reus\/wp-json\/wp\/v2\/posts\/5507\/revisions\/5511"}],"wp:featuredmedia":[{"embeddable":true,"href":"https:\/\/agora.xtec.cat\/ceipmisericordia-reus\/wp-json\/wp\/v2\/media\/5508"}],"wp:attachment":[{"href":"https:\/\/agora.xtec.cat\/ceipmisericordia-reus\/wp-json\/wp\/v2\/media?parent=5507"}],"wp:term":[{"taxonomy":"category","embeddable":true,"href":"https:\/\/agora.xtec.cat\/ceipmisericordia-reus\/wp-json\/wp\/v2\/categories?post=5507"},{"taxonomy":"post_tag","embeddable":true,"href":"https:\/\/agora.xtec.cat\/ceipmisericordia-reus\/wp-json\/wp\/v2\/tags?post=5507"}],"curies":[{"name":"wp","href":"https:\/\/api.w.org\/{rel}","templated":true}]}}