{"id":5476,"date":"2020-05-25T21:08:17","date_gmt":"2020-05-25T19:08:17","guid":{"rendered":"https:\/\/agora.xtec.cat\/ceipmisericordia-reus\/?p=5476"},"modified":"2020-05-25T21:08:17","modified_gmt":"2020-05-25T19:08:17","slug":"circuit-deducacio-fisica","status":"publish","type":"post","link":"https:\/\/agora.xtec.cat\/ceipmisericordia-reus\/portada\/circuit-deducacio-fisica\/","title":{"rendered":"Circuit d&#8217;Educaci\u00f3 F\u00edsica"},"content":{"rendered":"<p><span data-offset-key=\"avobk-0-0\">I aqu\u00ed tenim a l&#8217;Arnau fent un circuit d&#8217;Educaci\u00f3 F\u00edsica a casa!!! Molt b\u00e9 noi!! <\/span><span class=\"_5zk7\" spellcheck=\"false\" data-offset-key=\"avobk-1-0\"><span data-offset-key=\"avobk-1-0\">#joemquedoacasa<\/span><\/span> <span class=\"_5zk7\" spellcheck=\"false\" data-offset-key=\"avobk-3-0\"><span data-offset-key=\"avobk-3-0\">#totanirabe<\/span><\/span> <span class=\"_5zk7\" spellcheck=\"false\" data-offset-key=\"avobk-5-0\"><span data-offset-key=\"avobk-5-0\">#aprencdesdecasa<\/span><\/span> <span class=\"_5zk7\" spellcheck=\"false\" data-offset-key=\"avobk-7-0\"><span data-offset-key=\"avobk-7-0\">#seguimeducant<\/span><\/span><\/p>\n<div style=\"width: 640px;\" class=\"wp-video\"><!--[if lt IE 9]><script>document.createElement('video');<\/script><![endif]-->\n<video class=\"wp-video-shortcode\" id=\"video-5476-1\" width=\"640\" height=\"352\" preload=\"metadata\" controls=\"controls\"><source type=\"video\/mp4\" src=\"https:\/\/agora.xtec.cat\/ceipmisericordia-reus\/wp-content\/uploads\/usu2066\/2020\/05\/VID-20200523-WA0016-1.mp4?_=1\" \/><a href=\"https:\/\/agora.xtec.cat\/ceipmisericordia-reus\/wp-content\/uploads\/usu2066\/2020\/05\/VID-20200523-WA0016-1.mp4\">https:\/\/agora.xtec.cat\/ceipmisericordia-reus\/wp-content\/uploads\/usu2066\/2020\/05\/VID-20200523-WA0016-1.mp4<\/a><\/video><\/div>\n","protected":false},"excerpt":{"rendered":"<p>I aqu\u00ed tenim a l&#8217;Arnau fent un circuit d&#8217;Educaci\u00f3 F\u00edsica a casa!!! Molt b\u00e9 noi!! #joemquedoacasa #totanirabe #aprencdesdecasa #seguimeducant<br \/>\n<a href=\"https:\/\/agora.xtec.cat\/ceipmisericordia-reus\/wp-content\/uploads\/usu2066\/2020\/05\/VID-20200523-WA0016-1.mp4\">https:\/\/agora.xtec.cat\/ceipmisericordia-reus\/wp-content\/uploads\/usu2066\/2020\/05\/VID-20200523-WA0016-1.mp4<\/a><\/p>\n","protected":false},"author":4,"featured_media":0,"comment_status":"open","ping_status":"closed","sticky":false,"template":"","format":"standard","meta":{"_bbp_topic_count":0,"_bbp_reply_count":0,"_bbp_total_topic_count":0,"_bbp_total_reply_count":0,"_bbp_voice_count":0,"_bbp_anonymous_reply_count":0,"_bbp_topic_count_hidden":0,"_bbp_reply_count_hidden":0,"_bbp_forum_subforum_count":0,"footnotes":""},"categories":[79,91,4],"tags":[],"class_list":["post-5476","post","type-post","status-publish","format-standard","hentry","category-cicle-mitja","category-ed-primaria","category-portada"],"post_mailing_queue_ids":[],"_links":{"self":[{"href":"https:\/\/agora.xtec.cat\/ceipmisericordia-reus\/wp-json\/wp\/v2\/posts\/5476","targetHints":{"allow":["GET"]}}],"collection":[{"href":"https:\/\/agora.xtec.cat\/ceipmisericordia-reus\/wp-json\/wp\/v2\/posts"}],"about":[{"href":"https:\/\/agora.xtec.cat\/ceipmisericordia-reus\/wp-json\/wp\/v2\/types\/post"}],"author":[{"embeddable":true,"href":"https:\/\/agora.xtec.cat\/ceipmisericordia-reus\/wp-json\/wp\/v2\/users\/4"}],"replies":[{"embeddable":true,"href":"https:\/\/agora.xtec.cat\/ceipmisericordia-reus\/wp-json\/wp\/v2\/comments?post=5476"}],"version-history":[{"count":1,"href":"https:\/\/agora.xtec.cat\/ceipmisericordia-reus\/wp-json\/wp\/v2\/posts\/5476\/revisions"}],"predecessor-version":[{"id":5478,"href":"https:\/\/agora.xtec.cat\/ceipmisericordia-reus\/wp-json\/wp\/v2\/posts\/5476\/revisions\/5478"}],"wp:attachment":[{"href":"https:\/\/agora.xtec.cat\/ceipmisericordia-reus\/wp-json\/wp\/v2\/media?parent=5476"}],"wp:term":[{"taxonomy":"category","embeddable":true,"href":"https:\/\/agora.xtec.cat\/ceipmisericordia-reus\/wp-json\/wp\/v2\/categories?post=5476"},{"taxonomy":"post_tag","embeddable":true,"href":"https:\/\/agora.xtec.cat\/ceipmisericordia-reus\/wp-json\/wp\/v2\/tags?post=5476"}],"curies":[{"name":"wp","href":"https:\/\/api.w.org\/{rel}","templated":true}]}}